{"id":240423,"date":"2025-10-24T09:35:00","date_gmt":"2025-10-24T09:35:00","guid":{"rendered":"https:\/\/inst-krim.si\/sentrix\/?p=240423"},"modified":"2026-03-25T12:27:43","modified_gmt":"2026-03-25T12:27:43","slug":"gaza-genocid-in-okolje-izrekanja-kazni","status":"publish","type":"post","link":"https:\/\/inst-krim.si\/sentrix\/sl\/gaza-genocid-in-okolje-izrekanja-kazni\/","title":{"rendered":"Gaza, genocid in okolje izrekanja kazni"},"content":{"rendered":"<p>[et_pb_section fb_built=&#8221;1&#8243; _builder_version=&#8221;4.27.4&#8243; _module_preset=&#8221;default&#8221; custom_padding=&#8221;9px|||||&#8221; locked=&#8221;off&#8221; global_colors_info=&#8221;{}&#8221;][et_pb_row _builder_version=&#8221;4.27.4&#8243; _module_preset=&#8221;default&#8221; custom_padding=&#8221;||0px|||&#8221; global_colors_info=&#8221;{}&#8221;][et_pb_column type=&#8221;4_4&#8243; _builder_version=&#8221;4.27.4&#8243; _module_preset=&#8221;default&#8221; global_colors_info=&#8221;{}&#8221;][et_pb_text _builder_version=&#8221;4.27.4&#8243; _module_preset=&#8221;default&#8221; global_colors_info=&#8221;{}&#8221;]<\/p>\n<p style=\"font-weight: 400; text-align: justify;\"><strong>Razmi\u0161ljati o okolju odlo\u010danja o kazenskih sankcijah v kontekstu te\u017eko izrekljivih zlo\u010dinov proti \u010dlove\u0161tvu in vojnih <a href=\"https:\/\/www.ohchr.org\/en\/press-releases\/2025\/09\/israel-has-committed-genocide-gaza-strip-un-commission-finds\">zlo\u010dinov v Gazi, ki jih je mogo\u010de razumeti kot genocid<\/a>, je hkrati polno obupa in polno upanja. Polno obupa je zato, ker samo razmi\u0161ljanje o postopku odmere kazni za odgovorne za pokol v Gazi pomeni sprejeti, da nam je kot globalni skupnosti znova spodletelo prepre\u010diti \u00bbzlo\u010din vseh zlo\u010dinov\u00ab. Hkrati pa je tudi polno upanja, saj razmislek o kaznovanju za genocid in vojne zlo\u010dine sporo\u010da, da je mogo\u010de za odgovorne storilce dolo\u010diti sorazmerno kazen na podlagi individualne krivde, in v tistih, ki se imajo za nedotakljive, vzbuditi vsaj nekaj strahu.<\/strong><\/p>\n<p>[\/et_pb_text][et_pb_text _builder_version=&#8221;4.27.4&#8243; _module_preset=&#8221;default&#8221; header_3_font=&#8221;Mojca-123-slo|&#8211;et_global_heading_font_weight|||||||&#8221; global_colors_info=&#8221;{}&#8221;]<\/p>\n<h3 style=\"font-weight: 400;\"><strong>Racionalen in rutinski postopek izreka sankcije<\/strong><\/h3>\n<h3 style=\"font-weight: 400;\"><\/h3>\n<p>[\/et_pb_text][et_pb_text _builder_version=&#8221;4.27.4&#8243; _module_preset=&#8221;default&#8221; global_colors_info=&#8221;{}&#8221;]<\/p>\n<blockquote>\n<p style=\"font-weight: 400; text-align: justify;\"><span>Sodobni kazenski postopek je namerno zasnovan kot racionalen, objektiven in predvidljiv institucionalni odziv na kazniva dejanja, ki povzro\u010dijo \u0161kodo in vznemirjenje \u017ertvam ter skupnosti. Ne glede na to, da sta vsako kaznivo dejanje in odziv nanj edinstvena, ju okvirjajo navidez rutinski institucionalni postopki. Zlasti faza odmere kazni, kot kon\u010dna stopnja kazenskega postopka, se osredoto\u010data na rutinsko dolo\u010ditev kazni na podlagi racionalnega tehtanja resnosti kaznivega dejanja, krivde obdol\u017eenca ter drugih obte\u017eevalnih in olaj\u0161evalnih okoli\u0161\u010din. Toda kako naj tehtamo in merimo dejanje genocida, podprto z grozljivimi dejanji mno\u017ei\u010dnega stradanja, uni\u010devanja izobra\u017eevalnih ustanov, uni\u010denja domov, bombardiranja bolni\u0161nic \u2026?<\/span><\/p>\n<\/blockquote>\n<p>[\/et_pb_text][\/et_pb_column][\/et_pb_row][et_pb_row column_structure=&#8221;1_2,1_2&#8243; _builder_version=&#8221;4.27.4&#8243; _module_preset=&#8221;default&#8221; locked=&#8221;off&#8221; global_colors_info=&#8221;{}&#8221;][et_pb_column type=&#8221;1_2&#8243; _builder_version=&#8221;4.27.4&#8243; _module_preset=&#8221;default&#8221; global_colors_info=&#8221;{}&#8221;][et_pb_cta button_text=&#8221;Click Here&#8221; _builder_version=&#8221;4.27.4&#8243; _module_preset=&#8221;default&#8221; background_color=&#8221;#E02B20&#8243; background_enable_image=&#8221;off&#8221; custom_margin=&#8221;78px|||||&#8221; custom_padding=&#8221;32px|||||&#8221; global_colors_info=&#8221;{%22gcid-primary-color%22:%91%22button_text_color%22,%22button_text_color%22%93}&#8221;]<\/p>\n<p style=\"text-align: center;\">Del tega stabilnega okolja odlo\u010danja je tudi odnos javnosti in medijev, ki dojemajo odlo\u010danje o izreku kazni kot rutinsko funkcioniranje dr\u017eavnega aparata.<\/p>\n<p>[\/et_pb_cta][\/et_pb_column][et_pb_column type=&#8221;1_2&#8243; _builder_version=&#8221;4.27.4&#8243; _module_preset=&#8221;default&#8221; global_colors_info=&#8221;{}&#8221;][et_pb_text _builder_version=&#8221;4.27.4&#8243; _module_preset=&#8221;default&#8221; custom_margin=&#8221;1px||||false|false&#8221; global_colors_info=&#8221;{}&#8221;]<\/p>\n<div style=\"text-align: justify;\">\n<p style=\"font-weight: 400;\"><span>Izrekanje kazni naj bi potekalo v okolju odlo\u010danja, za katerega so zna\u010dilni relativno stabilni in predvidljivo razvijajo\u010di se pravni in institucionalni okviri ter opredeljene vloge vpletenih akterjev (sodnikov, to\u017eilcev in zagovornikov). To \u017eeljo po birokratski in skoraj sterilni metodi dolo\u010danja kazni podpirajo razli\u010dna ideolo\u0161ka prepri\u010danja, ki to razumejo kot najbolj\u0161i na\u010din naslavljanja dru\u017ebenih vzrokov in posledic kriminalitete. <\/span>Del tega stabilnega okolja odlo\u010danja je tudi odnos javnosti in medijev, ki dojemajo odlo\u010danje o izreku kazni kot rutinsko funkcioniranje dr\u017eavnega aparata in se le redko ne strinjajo z odlo\u010ditvami (nestrinjanje ve\u010dinoma vzbudijo preblage ali nedosledne kazni).<\/p>\n<\/div>\n<div><\/div>\n<p>[\/et_pb_text][\/et_pb_column][\/et_pb_row][et_pb_row _builder_version=&#8221;4.27.4&#8243; _module_preset=&#8221;default&#8221; global_colors_info=&#8221;{}&#8221;][et_pb_column type=&#8221;4_4&#8243; _builder_version=&#8221;4.27.4&#8243; _module_preset=&#8221;default&#8221; global_colors_info=&#8221;{}&#8221;][et_pb_text _builder_version=&#8221;4.27.4&#8243; _module_preset=&#8221;default&#8221; global_colors_info=&#8221;{}&#8221;]<\/p>\n<p style=\"font-weight: 400; text-align: justify;\"><span>Pomembna posledica tak\u0161nega pristopa h kaznovanju je, da zadnje dejanje kazenskega postopka spremeni v nekaj povsem nespektakularnega (\u010deprav je postopek javen in v\u010dasih mo\u010dno izpostavljen v medijih). \u017drtve in skupnosti oddalji od njihove morebitne \u017eelje po ma\u0161\u010devanju, obenem pa jim vseeno omogo\u010di dolo\u010deno mero katarze. Ob enem storilca reducira na golega posameznika, katerega dejanja in vedenje so hladno razporejena v kategorije, ki jih dolo\u010da pravo. Tak\u0161en \u010dustveno odmaknjen zaklju\u010dek kazenskega postopka je \u0161e posebej izrazit v primerih nasilnih in mno\u017ei\u010dnih kaznivih dejanj \u2013 kot so zlo\u010dini proti \u010dlove\u0161tvu, vojni zlo\u010dini in genocid \u2013, ki praviloma spro\u017eajo mo\u010dnej\u0161e zahteve po ma\u0161\u010devanju in so \u017ee po svoji naravi izjemno pretresljivi.<\/span><\/p>\n<p>[\/et_pb_text][et_pb_text _builder_version=&#8221;4.27.4&#8243; _module_preset=&#8221;default&#8221; header_2_font=&#8221;Mojca-123-slo|&#8211;et_global_heading_font_weight|||||||&#8221; header_3_font=&#8221;Mojca-123-slo|&#8211;et_global_heading_font_weight|||||||&#8221; global_colors_info=&#8221;{}&#8221;]<\/p>\n<h3 style=\"font-weight: 400;\"><strong>Kazenski postopek in dejanje genocida<\/strong><\/h3>\n<p>[\/et_pb_text][et_pb_image src=&#8221;https:\/\/inst-krim.si\/sentrix\/wp-content\/uploads\/2025\/10\/palestine-7360944_1280.jpg&#8221; title_text=&#8221;palestine-7360944_1280&#8243; _builder_version=&#8221;4.27.4&#8243; _module_preset=&#8221;default&#8221; global_colors_info=&#8221;{}&#8221;][\/et_pb_image][et_pb_text _builder_version=&#8221;4.27.4&#8243; _module_preset=&#8221;default&#8221; global_colors_info=&#8221;{}&#8221;]<\/p>\n<p style=\"font-weight: 400; text-align: justify;\"><span>V zadnjih desetletjih je bil genocid najodmevneje obravnavan pred Mednarodnim kazenskim tribunalom za Ruando (<a href=\"https:\/\/unictr.irmct.org\/\">ICTR<\/a>) in njegovim vzporednim sodi\u0161\u010dem, Mednarodnim kazenskim tribunalom za nekdanjo Jugoslavijo (<a href=\"https:\/\/www.icty.org\/\">ICTY<\/a>). Ker sta bila ti dva mednarodna tribunala ustanovljena ad hoc, je bilo tam <a href=\"https:\/\/global.oup.com\/academic\/product\/standing-up-for-justice-9780198863434?cc=si&amp;lang=en&amp;\">okolje odlo\u010danja odmere kazni<\/a> vse prej kot stabilno, predvidljivo ali rutinsko.<\/span><\/p>\n<p style=\"font-weight: 400; text-align: justify;\"><span>Tribunali so nastali v okviru Zdru\u017eenih narodov kot neposreden odziv na ogor\u010denje mednarodne skupnosti zaradi zlo\u010dinov v nekdanji Jugoslaviji in Ruandi. <a href=\"https:\/\/ictyoralhistory.sensecentar.org\/\">Sodniki, to\u017eilci in zagovorniki<\/a> \u2013 ki so delovali v angle\u0161\u010dini in franco\u0161\u010dini ter prihajali iz razli\u010dnih dr\u017eav in pravnih kultur \u2013 so v velikih ekipah ve\u010d let delali na posameznih postopkih. Sojenja so se pogosto odvila desetletja po kaznivih dejanjih, ki so jih obravnavala. Poleg institucionalnega okvira so bile tudi zahteve in pritiski bistveno ve\u010dji, kot so jih vpleteni kadarkoli izkusili \u2013 zlasti zaradi interesov in pri\u010dakovanj prizadetih skupnosti (in dr\u017eav), svetovne javnosti in medijev.<\/span><\/p>\n<p>[\/et_pb_text][et_pb_text _builder_version=&#8221;4.27.4&#8243; _module_preset=&#8221;default&#8221; global_colors_info=&#8221;{}&#8221;]<\/p>\n<blockquote>\n<p style=\"font-weight: 400; text-align: justify;\"><span>Kljub temu nas lahko branje odstavkov o izreku kazni v sodbah, ki se kon\u010dajo z obsodilno razsodbo za genocid, in spremljanje njihove razglasitve preseneti predvsem zaradi njihove povsem obi\u010dajne strukture, besedi\u0161\u010da in na\u010dina predstavitve. V vsaki sodbi sodniki posebno pazijo, da odlo\u010ditev o kazni predstavijo kot racionalno, formularno, nepresenetljivo, preudarno \u2013 z drugimi besedami, normalno. Tako ustvarjajo podobo tipi\u010dnega izida v standardnem kazenskem postopku, kljub izjemni naravi zadeve in okoli\u0161\u010din, v katerih je bila kazen izre\u010dena.<\/span><\/p>\n<p style=\"font-weight: 400; text-align: justify;\"><span>Na obeh tribunalih ni bilo lo\u010denih obravnav, namenjenih izreku kazni, sodniki pa so imeli \u0161iroko diskrecijsko pravico pri dolo\u010danju kazni za genocid, vojne zlo\u010dine in zlo\u010dine proti \u010dlove\u0161tvu. Omejeni so bili na izrek zaporne kazni do dosmrtnega zapora in\/ali povra\u010dila \u0161kode in so morali upo\u0161tevati te\u017eo kaznivega dejanja ter osebne okoli\u0161\u010dine obsojenca, vklju\u010dno z olaj\u0161evalnimi in obte\u017eevalnimi dejavniki. V zadnjih delih sodb izre\u010denih na teh dveh tribunalih, ki sledijo tiso\u010dim stranem natan\u010dnih opisov grozodejstev (pisanje katerih se je za\u010delo dolgo pred koncem sojenja) sodniki najprej povzamejo relevantno pravo, ki ureja odmero kazni, nato pa jedrnato obrazlo\u017eijo, kako so ga uporabili v konkretni zadevi. <\/span><\/p>\n<\/blockquote>\n<p>[\/et_pb_text][et_pb_text _builder_version=&#8221;4.27.4&#8243; _module_preset=&#8221;default&#8221; header_2_font=&#8221;Mojca-123-slo|&#8211;et_global_heading_font_weight|||||||&#8221; header_3_font=&#8221;Mojca-123-slo|&#8211;et_global_heading_font_weight|||||||&#8221; global_colors_info=&#8221;{}&#8221;]<\/p>\n<h3 style=\"font-weight: 400;\"><em><strong>Izrek kazni v sodbi v primeru Mladic<\/strong><\/em><\/h3>\n<p>[\/et_pb_text][et_pb_text _builder_version=&#8221;4.27.4&#8243; _module_preset=&#8221;default&#8221; custom_padding=&#8221;2px|||||&#8221; global_colors_info=&#8221;{}&#8221;]<\/p>\n<p data-start=\"67\" data-end=\"419\" style=\"text-align: justify;\">Odstavki o izreku kazni v <a href=\"https:\/\/ucr.irmct.org\/LegalRef\/CMSDocStore\/Public\/English\/Judgement\/NotIndexable\/IT-09-92\/JUD275R0000516227.pdf\">sodbi proti Mladi\u0107u<\/a>, <span>generalu, obsojenemu za genocid v Srebrenici (poleg vojnih zlo\u010dinov in zlo\u010dinov proti \u010dlove\u0161tvu), so dober primer na\u010dina pisanja in argumentacije tribunalov. V sodbi v primeru Mladi\u0107 so sodniki pojasnili, da sta bila retribucija in odvra\u010danje klju\u010dna za njihovo odlo\u010ditev o kazni, medtem ko je bila rehabilitacija manj pomembna. Po njihovih besedah:<\/span><\/p>\n<blockquote>\n<p style=\"font-weight: 400;\"><span>Retribucije ne smemo razumeti kot \u017eelje po osebnem ma\u0161\u010devanju ali povra\u010dilu, temve\u010d kot izraz ogor\u010denja mednarodne skupnosti nad storjenimi zlo\u010dini; ma\u0161\u010devanje, v nasprotju s povra\u010dilom, zahteva izrek \u201epravi\u010dne in primerne kazni in ni\u010d ve\u010d\u201c.[\u2026] Sodi\u0161\u010de nadalje meni, da primerna kazen za Mladi\u0107a v tej zadevi bistveno prispeva k doseganju splo\u0161nega odvra\u010dilnega u\u010dinka. (odst. 5182, 5183)<\/span><\/p>\n<\/blockquote>\n<p style=\"font-weight: 400; text-align: justify;\"><span>Mladi\u0107 je bil spoznan za odgovornega za izvr\u0161itev \u0161irokega spektra kaznivih dejanj prek sodelovanja v \u0161tirih skupnih kriminalnih skupinah (JCE \u2013 joint criminal enterprises). Med storjenimi kaznivimi dejanji so nekatera najhuj\u0161a, ki jih pozna mednarodno humanitarno pravo, in sicer genocid ter uni\u010denje kot zlo\u010din proti \u010dlove\u0161tvu. Sodniki so pojasnili resnost ravnanja obto\u017eenca pri vsakem kaznivem dejanju, za katerega je bil spoznan za krivega. V ve\u010d odstavkih so zaklju\u010dili, da je bila njegova vpletenost v kazniva dejanja izjemno resna zaradi njegovega vrhovnega polo\u017eaja v verigi odlo\u010danja. Pri dolo\u010ditvi primerne kazni za Mladi\u0107a je tribunal tako upo\u0161teval naravo, obseg in brutalnost kaznivih dejanj, za katera je bil Mladi\u0107 spoznan za odgovornega, trajanje njegovega sodelovanja pri teh dejanjih ter njihov celotni vpliv na \u017ertve in njihove dru\u017eine. (odst. 5188)<\/span><\/p>\n<p style=\"font-weight: 400; text-align: justify;\"><span>Sodniki so tudi pretehtali posamezne okoli\u0161\u010dine obto\u017eenca, zlasti olaj\u0161evalne okoli\u0161\u010dine, ki jih je predlagala obramba, kot so dobrohotno ravnanja in pomo\u010d \u017ertvam, njegov dober zna\u010daj, zmanj\u0161ane du\u0161evne sposobnosti, telesno zdravje in starost. Odlo\u010dili so se upo\u0161tevati zgolj zadnjo okoli\u0161\u010dino \u2013 starost. Pri odlo\u010danju o kaznovanju so se sodniki prav tako ozrli na splo\u0161no prakso glede zapornih kazni v sodi\u0161\u010dih nekdanje Jugoslavije in jo primerjali z drugimi primeri, ki so bili v preteklosti obravnavani pred tribunalom.<\/span><\/p>\n<p style=\"font-weight: 400; text-align: justify;\"><span>Del sodbe, ki obravnava izrek kazni, se zaklju\u010di s suhim in brezobli\u010dnim kon\u010dnim izrekom:<\/span><\/p>\n<blockquote>\n<p data-start=\"326\" data-end=\"932\" data-is-last-node=\"\" data-is-only-node=\"\" style=\"text-align: justify;\"><span>Sodni senat je preu\u010dil vse zgoraj navedene okoli\u0161\u010dine in ugotovil, da je ustrezna kazen dosmrtni zapor (para 5213)<\/span><\/p>\n<\/blockquote>\n<blockquote>\n<p style=\"font-weight: 400; text-align: justify;\">\n<\/blockquote>\n<p>[\/et_pb_text][et_pb_text _builder_version=&#8221;4.27.4&#8243; _module_preset=&#8221;default&#8221; header_2_font=&#8221;Mojca-123-slo|&#8211;et_global_heading_font_weight|||||||&#8221; header_3_font=&#8221;Mojca-123-slo|&#8211;et_global_heading_font_weight|||||||&#8221; global_colors_info=&#8221;{}&#8221;]<\/p>\n<h3 style=\"font-weight: 400;\"><strong>Gaza in Mednarodno kazensko sodi\u0161\u010de<\/strong><\/h3>\n<p>[\/et_pb_text][\/et_pb_column][\/et_pb_row][et_pb_row column_structure=&#8221;1_2,1_2&#8243; _builder_version=&#8221;4.27.4&#8243; _module_preset=&#8221;default&#8221; global_colors_info=&#8221;{}&#8221;][et_pb_column type=&#8221;1_2&#8243; _builder_version=&#8221;4.27.4&#8243; _module_preset=&#8221;default&#8221; global_colors_info=&#8221;{}&#8221;][et_pb_image src=&#8221;https:\/\/inst-krim.si\/sentrix\/wp-content\/uploads\/2025\/10\/Photo-2.webp&#8221; title_text=&#8221;Photo 2&#8243; _builder_version=&#8221;4.27.4&#8243; _module_preset=&#8221;default&#8221; global_colors_info=&#8221;{}&#8221;][\/et_pb_image][\/et_pb_column][et_pb_column type=&#8221;1_2&#8243; _builder_version=&#8221;4.27.4&#8243; _module_preset=&#8221;default&#8221; global_colors_info=&#8221;{}&#8221;][et_pb_text _builder_version=&#8221;4.27.4&#8243; _module_preset=&#8221;default&#8221; global_colors_info=&#8221;{}&#8221;]<\/p>\n<p style=\"font-weight: 400; text-align: justify;\"><span>Obe ad hoc sodi\u0161\u010di sta \u017ee del preteklosti, vendar njihove sodbe ostajajo spodbuden opomnik, da je mogo\u010de kaznovati storilce, ki so neko\u010d veljali za nedotakljive. Prav tako ka\u017eejo izjemno sposobnost prava in pravnih institucij, da nekaj izjemnega in neizrekljivega spremenijo v jasno in standardizirano pripoved, ki jo je mogo\u010de oceniti skozi postopek izrekanja kazni. Delno navdihnjena z izku\u0161njami teh tribunalov, je mednarodna skupnost ustanovila stalno telo za preiskovanje genocida in drugih grozodejstev \u2013 Mednarodno kazensko sodi\u0161\u010de (ICC).<\/span><\/p>\n<p>[\/et_pb_text][\/et_pb_column][\/et_pb_row][et_pb_row column_structure=&#8221;1_2,1_2&#8243; _builder_version=&#8221;4.27.4&#8243; _module_preset=&#8221;default&#8221; global_colors_info=&#8221;{}&#8221;][et_pb_column type=&#8221;1_2&#8243; _builder_version=&#8221;4.27.4&#8243; _module_preset=&#8221;default&#8221; global_colors_info=&#8221;{}&#8221;][et_pb_text _builder_version=&#8221;4.27.4&#8243; _module_preset=&#8221;default&#8221; custom_padding=&#8221;||0px|||&#8221; global_colors_info=&#8221;{}&#8221;]<\/p>\n<p style=\"font-weight: 400; text-align: justify;\"><span>\u010ceprav naj bi bilo okolje odlo\u010danja pri izreku kazni pred ICC precej bolj predvidljivo in rutinsko, izjemna narava obravnavanih zadev to ote\u017euje. Nedavno so, ko je ICC obto\u017eil voditelje Izraela in Hamasa vojnih zlo\u010dinov in zlo\u010dinov proti \u010dlove\u0161tvu, to\u017eilci in sodniki, ki bi lahko dokon\u010dno odlo\u010dali o izreku kazni, postali <a href=\"https:\/\/www.icc-cpi.int\/news\/icc-strongly-rejects-new-us-sanctions-against-judges-and-deputy-prosecutors\">tar\u010da sankcij in mo\u010dnega politi\u010dnega pritiska s strani ZDA<\/a>. Bo ICC vseeno institucija, kjer bodo potekala sojenja za genocid v Gazi in kjer bodo kazni izre\u010dene?\u00a0<\/span><\/p>\n<p>[\/et_pb_text][\/et_pb_column][et_pb_column type=&#8221;1_2&#8243; _builder_version=&#8221;4.27.4&#8243; _module_preset=&#8221;default&#8221; global_colors_info=&#8221;{}&#8221;][et_pb_cta button_text=&#8221;Click Here&#8221; _builder_version=&#8221;4.27.4&#8243; _module_preset=&#8221;default&#8221; background_color=&#8221;#E02B20&#8243; background_enable_image=&#8221;off&#8221; global_colors_info=&#8221;{%22gcid-primary-color%22:%91%22button_text_color%22,%22button_text_color%22%93}&#8221;]<\/p>\n<p style=\"text-align: center;\"><span>Bo ICC vseeno institucija, kjer bodo potekala sojenja za genocid v Gazi in kjer bodo kazni izre\u010dene?<\/span><\/p>\n<p>[\/et_pb_cta][\/et_pb_column][\/et_pb_row][\/et_pb_section][et_pb_section fb_built=&#8221;1&#8243; _builder_version=&#8221;4.27.4&#8243; _module_preset=&#8221;default&#8221; locked=&#8221;off&#8221;][et_pb_row _builder_version=&#8221;4.27.4&#8243; _module_preset=&#8221;default&#8221; theme_builder_area=&#8221;post_content&#8221; column_structure=&#8221;1_5,1_5,1_5,1_5,1_5&#8243; hover_enabled=&#8221;0&#8243; sticky_enabled=&#8221;0&#8243;][et_pb_column _builder_version=&#8221;4.27.4&#8243; _module_preset=&#8221;default&#8221; type=&#8221;1_5&#8243; theme_builder_area=&#8221;post_content&#8221;][et_pb_image src=&#8221;https:\/\/inst-krim.si\/sentrix\/wp-content\/uploads\/2025\/08\/Miha-1.png&#8221; _builder_version=&#8221;4.27.4&#8243; _module_preset=&#8221;default&#8221; theme_builder_area=&#8221;post_content&#8221; title_text=&#8221;Miha&#8221; hover_enabled=&#8221;0&#8243; sticky_enabled=&#8221;0&#8243;][\/et_pb_image][\/et_pb_column][et_pb_column _builder_version=&#8221;4.27.4&#8243; _module_preset=&#8221;default&#8221; type=&#8221;1_5&#8243; theme_builder_area=&#8221;post_content&#8221;][et_pb_text _builder_version=&#8221;4.27.4&#8243; _module_preset=&#8221;default&#8221; theme_builder_area=&#8221;post_content&#8221; hover_enabled=&#8221;0&#8243; sticky_enabled=&#8221;0&#8243; custom_padding=&#8221;|1px||||&#8221; custom_margin=&#8221;|-55px|||false|false&#8221;]<\/p>\n<p><strong>Miha Mar\u010denko<\/strong><\/p>\n<p>avtor<\/p>\n<p>[\/et_pb_text][\/et_pb_column][et_pb_column _builder_version=&#8221;4.27.4&#8243; _module_preset=&#8221;default&#8221; type=&#8221;1_5&#8243; theme_builder_area=&#8221;post_content&#8221;][\/et_pb_column][et_pb_column _builder_version=&#8221;4.27.4&#8243; _module_preset=&#8221;default&#8221; type=&#8221;1_5&#8243; theme_builder_area=&#8221;post_content&#8221;][\/et_pb_column][et_pb_column _builder_version=&#8221;4.27.4&#8243; _module_preset=&#8221;default&#8221; type=&#8221;1_5&#8243; theme_builder_area=&#8221;post_content&#8221;][\/et_pb_column][\/et_pb_row][\/et_pb_section]<\/p>\n","protected":false},"excerpt":{"rendered":"<p>Razmi\u0161ljati o okolju odlo\u010danja o kazenskih sankcijah v kontekstu te\u017eko izrekljivih zlo\u010dinov proti \u010dlove\u0161tvu in vojnih zlo\u010dinov v Gazi, ki jih je mogo\u010de razumeti kot genocid, je hkrati polno obupa in polno upanja. Polno obupa je zato, ker samo razmi\u0161ljanje o postopku odmere kazni za odgovorne za pokol v Gazi pomeni sprejeti, da nam je [&hellip;]<\/p>\n","protected":false},"author":1,"featured_media":240340,"comment_status":"open","ping_status":"open","sticky":false,"template":"","format":"standard","meta":{"_et_pb_use_builder":"on","_et_pb_old_content":"","_et_gb_content_width":"","footnotes":""},"categories":[38,142],"tags":[],"class_list":["post-240423","post","type-post","status-publish","format-standard","has-post-thumbnail","hentry","category-novice","category-refleksije"],"_links":{"self":[{"href":"https:\/\/inst-krim.si\/sentrix\/wp-json\/wp\/v2\/posts\/240423","targetHints":{"allow":["GET"]}}],"collection":[{"href":"https:\/\/inst-krim.si\/sentrix\/wp-json\/wp\/v2\/posts"}],"about":[{"href":"https:\/\/inst-krim.si\/sentrix\/wp-json\/wp\/v2\/types\/post"}],"author":[{"embeddable":true,"href":"https:\/\/inst-krim.si\/sentrix\/wp-json\/wp\/v2\/users\/1"}],"replies":[{"embeddable":true,"href":"https:\/\/inst-krim.si\/sentrix\/wp-json\/wp\/v2\/comments?post=240423"}],"version-history":[{"count":1,"href":"https:\/\/inst-krim.si\/sentrix\/wp-json\/wp\/v2\/posts\/240423\/revisions"}],"predecessor-version":[{"id":240729,"href":"https:\/\/inst-krim.si\/sentrix\/wp-json\/wp\/v2\/posts\/240423\/revisions\/240729"}],"wp:featuredmedia":[{"embeddable":true,"href":"https:\/\/inst-krim.si\/sentrix\/wp-json\/wp\/v2\/media\/240340"}],"wp:attachment":[{"href":"https:\/\/inst-krim.si\/sentrix\/wp-json\/wp\/v2\/media?parent=240423"}],"wp:term":[{"taxonomy":"category","embeddable":true,"href":"https:\/\/inst-krim.si\/sentrix\/wp-json\/wp\/v2\/categories?post=240423"},{"taxonomy":"post_tag","embeddable":true,"href":"https:\/\/inst-krim.si\/sentrix\/wp-json\/wp\/v2\/tags?post=240423"}],"curies":[{"name":"wp","href":"https:\/\/api.w.org\/{rel}","templated":true}]}}