{"id":240433,"date":"2025-11-04T09:41:00","date_gmt":"2025-11-04T09:41:00","guid":{"rendered":"https:\/\/inst-krim.si\/sentrix\/?p=240433"},"modified":"2026-03-11T11:42:26","modified_gmt":"2026-03-11T11:42:26","slug":"torkovo-srecanje-pripor-pred-sojenjem-v-cilu-med-casovnim-upravljanjem-in-standardizacijo","status":"publish","type":"post","link":"https:\/\/inst-krim.si\/sentrix\/sl\/torkovo-srecanje-pripor-pred-sojenjem-v-cilu-med-casovnim-upravljanjem-in-standardizacijo\/","title":{"rendered":"Torkovo sre\u010danje: \u00bbPripor pred sojenjem v \u010cilu: med \u010dasovnim upravljanjem in standardizacijo\u00ab"},"content":{"rendered":"\n[et_pb_section fb_built=&#8221;1&#8243; _builder_version=&#8221;4.27.4&#8243; _module_preset=&#8221;default&#8221; locked=&#8221;off&#8221; global_colors_info=&#8221;{}&#8221; theme_builder_area=&#8221;post_content&#8221;][et_pb_row _builder_version=&#8221;4.27.4&#8243; _module_preset=&#8221;default&#8221; custom_padding=&#8221;|11px||11px|false|false&#8221; box_shadow_style=&#8221;preset1&#8243; global_colors_info=&#8221;{}&#8221; theme_builder_area=&#8221;post_content&#8221;][et_pb_column type=&#8221;4_4&#8243; _builder_version=&#8221;4.27.4&#8243; _module_preset=&#8221;default&#8221; global_colors_info=&#8221;{}&#8221; theme_builder_area=&#8221;post_content&#8221;][et_pb_text _builder_version=&#8221;4.27.4&#8243; _module_preset=&#8221;default&#8221; hover_enabled=&#8221;0&#8243; global_colors_info=&#8221;{}&#8221; theme_builder_area=&#8221;post_content&#8221; sticky_enabled=&#8221;0&#8243;]<p><span>Vljudno vas vabimo na predavanje <\/span><strong>dr. Javierja Vel\u00e1squeza<\/strong><span> z naslovom <\/span><strong>\u00bbPripor pred sojenjem v \u010cilu: med \u010dasovnim upravljanjem in standardizacijo\u00ab<\/strong><span>, ki bo potekalo v okviru Torkovih sre\u010danj v <\/span><strong>ponedeljek, 10. novembra 2025, ob 11.00 uri v knji\u017enici In\u0161tituta za kriminologijo Pravne fakultete v Ljubljani.<\/strong><\/p>[\/et_pb_text][\/et_pb_column][\/et_pb_row][et_pb_row _builder_version=&#8221;4.27.4&#8243; _module_preset=&#8221;default&#8221; global_colors_info=&#8221;{}&#8221; theme_builder_area=&#8221;post_content&#8221;][et_pb_column type=&#8221;4_4&#8243; _builder_version=&#8221;4.27.4&#8243; _module_preset=&#8221;default&#8221; global_colors_info=&#8221;{}&#8221; theme_builder_area=&#8221;post_content&#8221;][et_pb_text _builder_version=&#8221;4.27.4&#8243; _module_preset=&#8221;default&#8221; hover_enabled=&#8221;0&#8243; global_colors_info=&#8221;{}&#8221; theme_builder_area=&#8221;post_content&#8221; sticky_enabled=&#8221;0&#8243;]<p style=\"text-align: justify;\"><span>V \u010cilu je uporaba pripora pred obravnavo predmet \u0161tevilnih razprav, pri \u010demer \u010dilski pravni strokovnjaki ve\u010dinoma zagovarjajo restriktivno razlago. Kljub temu empiri\u010dne raziskave v \u010cilu nakazujejo, da se je uporaba pripora v zadnjem desetletju pove\u010dala ter da so se pri sodnem odlo\u010danju razvile standardizirane delovne strategije.<\/span><\/p>\n<p class=\"xxxxxmsolistparagraph\" style=\"text-align: justify;\">Na podlagi neudele\u017eenega opazovanja obravnav ter intervjujev s sodniki, to\u017eilci in zagovorniki na sodi\u0161\u010dih v regijah Araucan\u00eda in B\u00edo-B\u00edo bo dr. Vel\u00e1squez na tokratnem sre\u010danju predstavil empiri\u010dno analizo uporabe pripora v \u010cilu. Posebej se bo posvetil vpra\u0161anju, kako standardizacija sodnih praks vpliva na sprejemanje odlo\u010ditev o priporu pred sojenjem.<\/p>\n<p class=\"xxxxxmsolistparagraph\" style=\"text-align: justify;\">Na podlagi svojega zadnjega \u010dlanka, v katerem se je posvetil birokratskemu upravljanju \u010dasa s socio-pravne perspektive, dr. Vel\u00e1squez ugotavlja, da so sodi\u0161\u010da zaradi \u010dasovnih pritiskov razvila posebne strategije za organizacijo obravnav, kar je privedlo do oblikovanja razli\u010dnih vrst obravnav \u2013 vsaka z lastno dinamiko in logiko standardizacije. Na Torkovem sre\u010danju bo tako izpostavil pomen podrobne in empiri\u010dne raziskave procesov birokratizacije v sodnem sistemu ter njihovega vpliva na pravi\u010dnost dostopa do sodnega varstva.<\/p>\n<p style=\"text-align: justify;\"><span>Predavanje bo potekalo v angle\u0161\u010dini.<\/span><\/p>[\/et_pb_text][et_pb_divider color=&#8221;#C5310D&#8221; _builder_version=&#8221;4.27.4&#8243; _module_preset=&#8221;default&#8221; global_colors_info=&#8221;{}&#8221; theme_builder_area=&#8221;post_content&#8221;][\/et_pb_divider][et_pb_text _builder_version=&#8221;4.27.4&#8243; _module_preset=&#8221;default&#8221; custom_margin=&#8221;-2px|9px|-1px|-5px|false|false&#8221; custom_padding=&#8221;1px|||7px|false|false&#8221; hover_enabled=&#8221;0&#8243; box_shadow_style=&#8221;preset1&#8243; global_colors_info=&#8221;{}&#8221; theme_builder_area=&#8221;post_content&#8221; sticky_enabled=&#8221;0&#8243;]<p style=\"text-align: justify;\"><strong>Javier Vel\u00e1squez <\/strong>je \u010dlan Laboratorija za socio-pravne raziskave in docent na In\u0161titutu za dru\u017ebene vede Univerze O\u2019Higgins. V svojem raziskovanju se osredoto\u010da na preu\u010devanje praks kriminalnih akterjev pri operacionalizaciji prava, ki jih je obravnaval v svoji doktorski disertaciji in v okviru projekta Fondecyt Initiation. Ob enem pa svoj \u010das posve\u010da tudi raziskovanju uporabe policijske sile, za kar je prejel sredstva Sklada za prepre\u010devanje mu\u010denja (Torture Prevention Fund), s katerimi razvija instrumente za Nacionalni mehanizem za prepre\u010devanje mu\u010denja.<\/p>[\/et_pb_text][\/et_pb_column][\/et_pb_row][\/et_pb_section]\n","protected":false},"excerpt":{"rendered":"<p>Vljudno vas vabimo na predavanje dr. Javierja Vel\u00e1squeza z naslovom \u00bbPripor pred sojenjem v \u010cilu: med \u010dasovnim upravljanjem in standardizacijo\u00ab, ki bo potekalo v okviru Torkovih sre\u010danj v ponedeljek, 10. novembra 2025, ob 11.00 uri v knji\u017enici In\u0161tituta za kriminologijo Pravne fakultete v Ljubljani.V \u010cilu je uporaba pripora pred obravnavo predmet \u0161tevilnih razprav, pri \u010demer [&hellip;]<\/p>\n","protected":false},"author":1,"featured_media":240332,"comment_status":"open","ping_status":"open","sticky":false,"template":"","format":"standard","meta":{"_et_pb_use_builder":"on","_et_pb_old_content":"","_et_gb_content_width":"","footnotes":""},"categories":[38,144,173],"tags":[],"class_list":["post-240433","post","type-post","status-publish","format-standard","has-post-thumbnail","hentry","category-novice","category-prihajajoci-dogodki","category-torkovo-srecanje"],"_links":{"self":[{"href":"https:\/\/inst-krim.si\/sentrix\/wp-json\/wp\/v2\/posts\/240433","targetHints":{"allow":["GET"]}}],"collection":[{"href":"https:\/\/inst-krim.si\/sentrix\/wp-json\/wp\/v2\/posts"}],"about":[{"href":"https:\/\/inst-krim.si\/sentrix\/wp-json\/wp\/v2\/types\/post"}],"author":[{"embeddable":true,"href":"https:\/\/inst-krim.si\/sentrix\/wp-json\/wp\/v2\/users\/1"}],"replies":[{"embeddable":true,"href":"https:\/\/inst-krim.si\/sentrix\/wp-json\/wp\/v2\/comments?post=240433"}],"version-history":[{"count":1,"href":"https:\/\/inst-krim.si\/sentrix\/wp-json\/wp\/v2\/posts\/240433\/revisions"}],"predecessor-version":[{"id":240663,"href":"https:\/\/inst-krim.si\/sentrix\/wp-json\/wp\/v2\/posts\/240433\/revisions\/240663"}],"wp:featuredmedia":[{"embeddable":true,"href":"https:\/\/inst-krim.si\/sentrix\/wp-json\/wp\/v2\/media\/240332"}],"wp:attachment":[{"href":"https:\/\/inst-krim.si\/sentrix\/wp-json\/wp\/v2\/media?parent=240433"}],"wp:term":[{"taxonomy":"category","embeddable":true,"href":"https:\/\/inst-krim.si\/sentrix\/wp-json\/wp\/v2\/categories?post=240433"},{"taxonomy":"post_tag","embeddable":true,"href":"https:\/\/inst-krim.si\/sentrix\/wp-json\/wp\/v2\/tags?post=240433"}],"curies":[{"name":"wp","href":"https:\/\/api.w.org\/{rel}","templated":true}]}}