{"id":240445,"date":"2025-11-06T09:45:00","date_gmt":"2025-11-06T09:45:00","guid":{"rendered":"https:\/\/inst-krim.si\/sentrix\/?p=240445"},"modified":"2026-03-11T11:41:47","modified_gmt":"2026-03-11T11:41:47","slug":"torkovo-srecanje-digitalizirani-opisi-kaznivih-dejanj-v-sodbah-in-njihova-uporaba-v-raziskovanju-kaznovanja-stevilne-priloznosti-in-nekaj-tveganj","status":"publish","type":"post","link":"https:\/\/inst-krim.si\/sentrix\/sl\/torkovo-srecanje-digitalizirani-opisi-kaznivih-dejanj-v-sodbah-in-njihova-uporaba-v-raziskovanju-kaznovanja-stevilne-priloznosti-in-nekaj-tveganj\/","title":{"rendered":"Torkovo sre\u010danje: &#8220;Digitalizirani opisi kaznivih dejanj v sodbah in njihova uporaba v raziskovanju kaznovanja: \u0161tevilne prilo\u017enosti (in nekaj tveganj)&#8221;"},"content":{"rendered":"\n[et_pb_section fb_built=&#8221;1&#8243; _builder_version=&#8221;4.27.4&#8243; _module_preset=&#8221;default&#8221; locked=&#8221;off&#8221; global_colors_info=&#8221;{}&#8221; theme_builder_area=&#8221;post_content&#8221;][et_pb_row _builder_version=&#8221;4.27.4&#8243; _module_preset=&#8221;default&#8221; custom_padding=&#8221;|11px||11px|false|false&#8221; box_shadow_style=&#8221;preset1&#8243; global_colors_info=&#8221;{}&#8221; theme_builder_area=&#8221;post_content&#8221;][et_pb_column type=&#8221;4_4&#8243; _builder_version=&#8221;4.27.4&#8243; _module_preset=&#8221;default&#8221; global_colors_info=&#8221;{}&#8221; theme_builder_area=&#8221;post_content&#8221;][et_pb_text _builder_version=&#8221;4.27.4&#8243; _module_preset=&#8221;default&#8221; hover_enabled=&#8221;0&#8243; global_colors_info=&#8221;{}&#8221; theme_builder_area=&#8221;post_content&#8221; sticky_enabled=&#8221;0&#8243;]<p>Vljudno vas vabimo na predavanje<strong> dr. <\/strong><strong>Jakuba Drapala<\/strong> z naslovom <strong>\u00bbDigitalizirani opisi kaznivih dejanj v sodbah in njihova uporaba v raziskovanju kaznovanja: \u0161tevilne prilo\u017enosti (in nekaj tveganj)\u00ab<\/strong>, ki bo v okviru Torkovih sre\u010danj potekalo\u00a0<strong>v torek, 18. novembra 2025, ob 13.00 uri v knji\u017enici In\u0161tituta za kriminologijo pri Pravni fakulteti v Ljubljani.<\/strong><\/p>[\/et_pb_text][\/et_pb_column][\/et_pb_row][et_pb_row _builder_version=&#8221;4.27.4&#8243; _module_preset=&#8221;default&#8221; global_colors_info=&#8221;{}&#8221; theme_builder_area=&#8221;post_content&#8221;][et_pb_column type=&#8221;4_4&#8243; _builder_version=&#8221;4.27.4&#8243; _module_preset=&#8221;default&#8221; global_colors_info=&#8221;{}&#8221; theme_builder_area=&#8221;post_content&#8221;][et_pb_text _builder_version=&#8221;4.27.4&#8243; _module_preset=&#8221;default&#8221; hover_enabled=&#8221;0&#8243; global_colors_info=&#8221;{}&#8221; theme_builder_area=&#8221;post_content&#8221; sticky_enabled=&#8221;0&#8243;]<p style=\"text-align: justify;\">Kvantitativne raziskave kaznovanja v Evropi so omejene zaradi upravnih podatkovnih zbirk, ki vsebujejo zelo malo informacij o resnosti kaznivih dejanj. Ta predstavitev obravnava ve\u010dinoma neizkori\u0161\u010den, a bogat vir podatkov, ki opisuje vedenjske vzorce \u2013 digitalizirane opise vedenj, vsebovane v sodbah sodi\u0161\u010d.<\/p>\n<div>\n<div>\n<p style=\"text-align: justify;\"><span>Na tokratnem sre\u010danju bo dr. Drapal predstavil raziskavo, ki na podlagi primerjalne analize med evropskimi dr\u017eavami prikazuje digitalno dostopnost teh opisov. Omenjena raziskava predstavi dva dopolnjujo\u010da se pristopa za pridobivanje smiselnih podatkov z uporabo najnovej\u0161ih dose\u017ekov na podro\u010dju obdelave naravnega jezika \u2013<span class=\"apple-converted-space\">\u00a0<\/span><strong data-start=\"591\" data-end=\"618\">izlu\u0161\u010danje spremenljivk<\/strong><span class=\"apple-converted-space\">\u00a0<\/span>in<span class=\"apple-converted-space\">\u00a0<\/span><strong data-start=\"622\" data-end=\"661\">kategorizacijo na podlagi pripovedi<\/strong><span class=\"apple-converted-space\">\u00a0<\/span>\u2013 ter poka\u017ee njuno u\u010dinkovitost ter predlaga nov<span class=\"apple-converted-space\">\u00a0<\/span><strong data-start=\"715\" data-end=\"762\">klasifikacijski sistem, temelje\u010d na vedenju<\/strong>, za raziskave kaznovanja ter oceni njegove prednosti in omejitve. <o:p><\/o:p><\/span><\/p>\n<\/div>\n<\/div>\n<p><span>Predavanje bo potekalo v angle\u0161\u010dini.<\/span><\/p>[\/et_pb_text][et_pb_divider color=&#8221;#C5310D&#8221; _builder_version=&#8221;4.27.4&#8243; _module_preset=&#8221;default&#8221; global_colors_info=&#8221;{}&#8221; theme_builder_area=&#8221;post_content&#8221;][\/et_pb_divider][et_pb_text _builder_version=&#8221;4.27.4&#8243; _module_preset=&#8221;default&#8221; custom_margin=&#8221;-2px|9px|-1px|-5px|false|false&#8221; custom_padding=&#8221;1px|||7px|false|false&#8221; hover_enabled=&#8221;0&#8243; box_shadow_style=&#8221;preset1&#8243; global_colors_info=&#8221;{}&#8221; theme_builder_area=&#8221;post_content&#8221; sticky_enabled=&#8221;0&#8243;]<p style=\"text-align: justify;\"><strong><span>Dr. <\/span><\/strong><strong><span>Jakub Dr\u00e1pal<\/span><\/strong><span class=\"apple-converted-space\"><span>\u00a0<\/span><\/span><span>je izredni profesor na Karlovi univerzi in vodja projekta ERC Starting Grant<span class=\"apple-converted-space\">\u00a0<\/span><em data-start=\"1066\" data-end=\"1093\">Reconstructing Sentencing<\/em>. Njegovo raziskovalno podro\u010dje obsega kaznovanje in kaznovalno politiko, pri \u010demer uporablja predvsem kvantitativne, doktrinarne in primerjalne metode; osredoto\u010da se predvsem na Srednjo in Vzhodno Evropo. \u0160tudiral in delal je na Sorboni, v Cambridgeu, na In\u0161titutu Maxa Plancka v Freiburgu in v Leidnu. Obo\u017euje Slovenijo in je prehodil ve\u010dino slovenskih gorskih verig. V nasprotju z vsemi svojimi prej\u0161njimi obiski In\u0161tituta tokrat s seboj ne prina\u0161a \u0161otora.<\/span><\/p>[\/et_pb_text][\/et_pb_column][\/et_pb_row][\/et_pb_section]\n","protected":false},"excerpt":{"rendered":"<p>Vljudno vas vabimo na predavanje dr. Jakuba Drapala z naslovom \u00bbDigitalizirani opisi kaznivih dejanj v sodbah in njihova uporaba v raziskovanju kaznovanja: \u0161tevilne prilo\u017enosti (in nekaj tveganj)\u00ab, ki bo v okviru Torkovih sre\u010danj potekalo\u00a0v torek, 18. novembra 2025, ob 13.00 uri v knji\u017enici In\u0161tituta za kriminologijo pri Pravni fakulteti v Ljubljani.Kvantitativne raziskave kaznovanja v Evropi [&hellip;]<\/p>\n","protected":false},"author":1,"featured_media":240330,"comment_status":"open","ping_status":"open","sticky":false,"template":"","format":"standard","meta":{"_et_pb_use_builder":"on","_et_pb_old_content":"","_et_gb_content_width":"","footnotes":""},"categories":[38,173],"tags":[],"class_list":["post-240445","post","type-post","status-publish","format-standard","has-post-thumbnail","hentry","category-novice","category-torkovo-srecanje"],"_links":{"self":[{"href":"https:\/\/inst-krim.si\/sentrix\/wp-json\/wp\/v2\/posts\/240445","targetHints":{"allow":["GET"]}}],"collection":[{"href":"https:\/\/inst-krim.si\/sentrix\/wp-json\/wp\/v2\/posts"}],"about":[{"href":"https:\/\/inst-krim.si\/sentrix\/wp-json\/wp\/v2\/types\/post"}],"author":[{"embeddable":true,"href":"https:\/\/inst-krim.si\/sentrix\/wp-json\/wp\/v2\/users\/1"}],"replies":[{"embeddable":true,"href":"https:\/\/inst-krim.si\/sentrix\/wp-json\/wp\/v2\/comments?post=240445"}],"version-history":[{"count":1,"href":"https:\/\/inst-krim.si\/sentrix\/wp-json\/wp\/v2\/posts\/240445\/revisions"}],"predecessor-version":[{"id":240595,"href":"https:\/\/inst-krim.si\/sentrix\/wp-json\/wp\/v2\/posts\/240445\/revisions\/240595"}],"wp:featuredmedia":[{"embeddable":true,"href":"https:\/\/inst-krim.si\/sentrix\/wp-json\/wp\/v2\/media\/240330"}],"wp:attachment":[{"href":"https:\/\/inst-krim.si\/sentrix\/wp-json\/wp\/v2\/media?parent=240445"}],"wp:term":[{"taxonomy":"category","embeddable":true,"href":"https:\/\/inst-krim.si\/sentrix\/wp-json\/wp\/v2\/categories?post=240445"},{"taxonomy":"post_tag","embeddable":true,"href":"https:\/\/inst-krim.si\/sentrix\/wp-json\/wp\/v2\/tags?post=240445"}],"curies":[{"name":"wp","href":"https:\/\/api.w.org\/{rel}","templated":true}]}}