{"id":240451,"date":"2025-11-06T15:09:00","date_gmt":"2025-11-06T15:09:00","guid":{"rendered":"https:\/\/inst-krim.si\/sentrix\/?p=240451"},"modified":"2026-03-25T12:26:43","modified_gmt":"2026-03-25T12:26:43","slug":"delavnica-sentrix-ponovni-razmislek-o-tem-kaj-vemo-o-odlocanju-o-kazenskih-sankcijah","status":"publish","type":"post","link":"https:\/\/inst-krim.si\/sentrix\/sl\/delavnica-sentrix-ponovni-razmislek-o-tem-kaj-vemo-o-odlocanju-o-kazenskih-sankcijah\/","title":{"rendered":"Delavnica Sentrix: Ponovni razmislek o tem, kaj vemo o odlo\u010danju o kazenskih sankcijah"},"content":{"rendered":"<p>[et_pb_section fb_built=&#8221;1&#8243; _builder_version=&#8221;4.27.4&#8243; _module_preset=&#8221;default&#8221; custom_padding=&#8221;9px|||||&#8221; locked=&#8221;off&#8221; global_colors_info=&#8221;{}&#8221;][et_pb_row _builder_version=&#8221;4.27.4&#8243; _module_preset=&#8221;default&#8221; custom_padding=&#8221;||0px|||&#8221; global_colors_info=&#8221;{}&#8221;][et_pb_column type=&#8221;4_4&#8243; _builder_version=&#8221;4.27.4&#8243; _module_preset=&#8221;default&#8221; global_colors_info=&#8221;{}&#8221;][et_pb_text _builder_version=&#8221;4.27.4&#8243; _module_preset=&#8221;default&#8221; global_colors_info=&#8221;{}&#8221;]<\/p>\n<p data-start=\"67\" data-end=\"309\" style=\"text-align: justify;\">Novembra 2025 se bodo na Bledu zbrali strokovnjaki iz podro\u010dja izrekanja kazenskih sankcij iz Evrope in \u0161ir\u0161e na nekoliko druga\u010dnem dogodku: delavnici, ki je deloma pogovor, deloma eksperiment in deloma refleksija o tem, kako vemo tisto, kar vemo.<\/p>\n<p data-start=\"311\" data-end=\"607\" data-is-last-node=\"\" data-is-only-node=\"\" style=\"text-align: justify;\">Delavnica <strong data-start=\"321\" data-end=\"332\">Sentrix<\/strong> je zasnovana kot laboratorij idej. Namesto konference z \u017ee dokon\u010danimi prispevki je to skrbno strukturiran prostor za odkrivanje, kjer opazujemo, razpravljamo in izpopolnjujemo, kako se znanje o izreku kazni ustvarja, deli in preoblikuje.<\/p>\n<p>[\/et_pb_text][et_pb_text _builder_version=&#8221;4.27.4&#8243; _module_preset=&#8221;default&#8221; header_3_font=&#8221;Mojca-123-slo|&#8211;et_global_heading_font_weight|||||||&#8221; global_colors_info=&#8221;{}&#8221;]<\/p>\n<h3 style=\"font-weight: 400;\"><strong>Zakaj tak\u0161en format?<\/strong><\/h3>\n<h3 style=\"font-weight: 400;\"><\/h3>\n<p>[\/et_pb_text][et_pb_text _builder_version=&#8221;4.27.4&#8243; _module_preset=&#8221;default&#8221; global_colors_info=&#8221;{}&#8221;]<\/p>\n<blockquote>\n<p style=\"font-weight: 400; text-align: justify;\"><span>Pri projektu <\/span><strong data-start=\"78\" data-end=\"89\">Sentrix<\/strong><span> odlo\u010danje o kazenskih sankcijah ne dojemamo kot en sam pravni akt, temve\u010d kot kompleksno odlo\u010danje v okolju, ki ga oblikujejo institucije, kognicija, \u010dustva in dru\u017ebena pri\u010dakovanja. Da ga lahko ustrezno preu\u010dujemo, potrebujemo formate, ki odsevajo to kompleksnost. Zato delavnica hkrati slu\u017ei kot prostor za dialog in raziskovalno orodje: vsak pogovor, dejavnost in premor je zasnovan tako, da spodbuja novo razmi\u0161ljanje ter nam pomaga zajeti, kako raziskovalci opisujejo, zdru\u017eujejo in interpretirajo elemente, ki sestavljajo svet izrekanja kazni.<\/span><\/p>\n<\/blockquote>\n<p>[\/et_pb_text][et_pb_text _builder_version=&#8221;4.27.4&#8243; _module_preset=&#8221;default&#8221; header_3_font=&#8221;Mojca-123-slo|&#8211;et_global_heading_font_weight|||||||&#8221; global_colors_info=&#8221;{}&#8221;]<\/p>\n<h3 style=\"font-weight: 400;\"><strong>Delavnica za mlade raziskovalce<\/strong><\/h3>\n<h3 style=\"font-weight: 400;\"><\/h3>\n<p>[\/et_pb_text][\/et_pb_column][\/et_pb_row][et_pb_row column_structure=&#8221;1_2,1_2&#8243; _builder_version=&#8221;4.27.4&#8243; _module_preset=&#8221;default&#8221; custom_padding=&#8221;||26px|||&#8221; locked=&#8221;off&#8221; global_colors_info=&#8221;{}&#8221;][et_pb_column type=&#8221;1_2&#8243; _builder_version=&#8221;4.27.4&#8243; _module_preset=&#8221;default&#8221; global_colors_info=&#8221;{}&#8221;][et_pb_cta button_text=&#8221;Click Here&#8221; _builder_version=&#8221;4.27.4&#8243; _module_preset=&#8221;default&#8221; background_color=&#8221;#E02B20&#8243; background_enable_image=&#8221;off&#8221; custom_margin=&#8221;3px|||||&#8221; custom_padding=&#8221;32px|||||&#8221; global_colors_info=&#8221;{%22gcid-primary-color%22:%91%22button_text_color%22,%22button_text_color%22%93}&#8221;]<\/p>\n<p style=\"font-weight: 400; text-align: center;\">Prvi del delavnice je posve\u010den raziskovalcem na za\u010detku kariere in doktorskim \u0161tudentom, ki se ukvarjajo z \u00a0kazenskim pravosodjem.<\/p>\n<p>[\/et_pb_cta][\/et_pb_column][et_pb_column type=&#8221;1_2&#8243; _builder_version=&#8221;4.27.4&#8243; _module_preset=&#8221;default&#8221; global_colors_info=&#8221;{}&#8221;][et_pb_text _builder_version=&#8221;4.27.4&#8243; _module_preset=&#8221;default&#8221; custom_margin=&#8221;1px||||false|false&#8221; global_colors_info=&#8221;{}&#8221;]<\/p>\n<div style=\"text-align: justify;\">\n<p data-start=\"146\" data-end=\"611\">Udele\u017eenci bodo v tem okviru predstavili svoje raziskovalne projekte, raziskovalna vpra\u0161anja in metodolo\u0161ke dileme ter jih skozi skupno razpravo nadalje izpopolnjevali. Izku\u0161eni raziskovalci pri tem ne bodo nastopali kot formalni razpravljavci, temve\u010d kot sogovorniki v razmisleku: z zastavljanjem vpra\u0161anj, podajanjem strate\u0161kih usmeritev in pomo\u010djo pri ume\u0161\u010danju posameznih projektov v \u0161ir\u0161i kontekst kaznovalne politike in sodne prakse.<\/p>\n<\/div>\n<p>[\/et_pb_text][\/et_pb_column][\/et_pb_row][et_pb_row _builder_version=&#8221;4.27.4&#8243; _module_preset=&#8221;default&#8221; global_colors_info=&#8221;{}&#8221;][et_pb_column type=&#8221;4_4&#8243; _builder_version=&#8221;4.27.4&#8243; _module_preset=&#8221;default&#8221; global_colors_info=&#8221;{}&#8221;][et_pb_text _builder_version=&#8221;4.27.4&#8243; _module_preset=&#8221;default&#8221; global_colors_info=&#8221;{}&#8221;]<\/p>\n<div style=\"text-align: justify;\">\n<p data-start=\"146\" data-end=\"611\">Cilj sre\u010danja ni kritika, temve\u010d izostritev raziskovalnih pristopov ter podpora mladim raziskovalcem pri jasnej\u0161i opredelitvi tega, kaj \u017eelijo s svojo raziskavo prispevati in na kak\u0161en na\u010din. Prav zato ta del programa imenujemo <em data-start=\"841\" data-end=\"885\">raziskovalna delavnica (Research Refinery)<\/em>: njen namen je, da obetaven \u00bbsurov\u00ab raziskovalni material preoblikuje v bolj jasno, osredoto\u010deno in za nadaljnje faze raziskovanja ustrezno zasnovano delo.<\/p>\n<\/div>\n<div><\/div>\n<p style=\"font-weight: 400; text-align: justify;\"><span>Poleg tega raziskovalna delavnica predstavlja izhodi\u0161\u010dno to\u010dko celotnega poteka sre\u010danja: deluje kot mikrokozmos razvoja idej, ko se raziskovalna radovednost sre\u010da z izku\u0161njami. Namenjena je vzpostavitvi vzdu\u0161ja, ki spodbuja refleksijo, sodelovanje in odprtost raziskovalnega procesa.<\/span><\/p>\n<p>[\/et_pb_text][et_pb_text _builder_version=&#8221;4.27.4&#8243; _module_preset=&#8221;default&#8221; header_2_font=&#8221;Mojca-123-slo|&#8211;et_global_heading_font_weight|||||||&#8221; header_3_font=&#8221;Mojca-123-slo|&#8211;et_global_heading_font_weight|||||||&#8221; global_colors_info=&#8221;{}&#8221;]<\/p>\n<h3 style=\"font-weight: 400;\"><strong>Delavnica: Odpiranje, kopanje, ponovno zami\u0161ljanje<\/strong><\/h3>\n<p>[\/et_pb_text][et_pb_image src=&#8221;https:\/\/inst-krim.si\/sentrix\/wp-content\/uploads\/2025\/06\/Izdelek-brez-naslova.png&#8221; title_text=&#8221;Izdelek brez naslova&#8221; _builder_version=&#8221;4.27.4&#8243; _module_preset=&#8221;default&#8221; global_colors_info=&#8221;{}&#8221;][\/et_pb_image][et_pb_text _builder_version=&#8221;4.27.4&#8243; _module_preset=&#8221;default&#8221; global_colors_info=&#8221;{}&#8221;]<\/p>\n<p style=\"font-weight: 400; text-align: justify;\"><span>Po raziskovalni delavnici se celotno sre\u010danje nadaljuje skozi niz skrbno zasnovanih tematskih sekcij, pri \u010demer vsaka osvetljuje drugo plast odlo\u010danja o kaznovanju:<\/span><\/p>\n<p style=\"font-weight: 400; text-align: justify;\"><strong><span>Odpiranje zemljevida: kako razmi\u0161ljamo o izreku kazenskih sankcij<\/span><\/strong><\/p>\n<p style=\"font-weight: 400; text-align: justify;\"><span>Za\u010dnemo s skupnim mapiranjem raziskovalnega polja, z za\u010drtovanjem konceptualnih in disciplinarnih linij, ki opredeljujejo \u00bbraziskovanje kaznovanja\u00ab, ter z razmislekom o tem, \u00bbkaj bi lahko bilo\u00ab. Kako razli\u010dne discipline (npr. pravo, kriminologija, psihologija, sociologija) pristopajo k odlo\u010danju o kaznovanju? Kaj postavljajo v ospredje in kaj spregledajo? Izhajamo iz za\u010drtavanja na\u0161e konceptualne geografije: kje stojimo, kaj vidimo in kam bi lahko \u0161li v nadaljevanju.<\/span><\/p>\n<p data-start=\"971\" data-end=\"1026\"><strong data-start=\"971\" data-end=\"1026\">Pod sodni\u0161ko togo: kaj oblikuje odlo\u010ditve sodnikov?\u00a0<\/strong><\/p>\n<p data-start=\"1028\" data-end=\"1403\" style=\"text-align: justify;\">Nato se usmerimo navznoter in raziskujemo dejavnike, ki vplivajo na sodni\u0161ko odlo\u010danje: \u010dustva, intuicijo, institucionalne norme in izku\u0161nje. Kaj se skriva za formalnimi utemeljitvami, ki jih sodniki navajajo v svojih odlo\u010ditvah? Kako \u010dlove\u0161ki dejavniki oblikujejo pravne presoje? Ta sekcija se posve\u010da kognitivnim in \u010dustvenim tokovom v ozadju prakse odlo\u010danja o kaznovanju.<\/p>\n<p data-start=\"1469\" data-end=\"1522\" style=\"text-align: justify;\"><strong data-start=\"1469\" data-end=\"1522\">Popa\u010dena ogledala: neenakosti v praksi kaznovanja<\/strong><\/p>\n<p data-start=\"1524\" data-end=\"1914\" style=\"text-align: justify;\">V nadaljevanju pogled usmerimo navzven \u2013 k \u0161tevilnim na\u010dinom, na katere se kaznovanje odra\u017ea, razlaga in tudi napa\u010dno razlaga v medijih, politiki in javnih razpravah. Kaj se zgodi, ko kaznovanje postane simbol, statisti\u010dni podatek ali \u0161kandal? Udele\u017eenci bodo preu\u010devali, kako spol, etni\u010dna pripadnost, dru\u017ebeni razred in socialni kapital vplivajo na sodni\u0161ko odlo\u010danje in izide kaznovanja.<\/p>\n<p style=\"font-weight: 400; text-align: justify;\"><strong data-start=\"1978\" data-end=\"2023\">Na robovih: odlo\u010danje zunaj sodne dvorane<\/strong><\/p>\n<p data-start=\"2025\" data-end=\"2423\" style=\"text-align: justify;\">Nato se pomaknemo proti robovom sistema \u2013 k procesom, ki jih intuitivno ali neposredno ne povezujemo z odlo\u010danjem o kaznovanju. Kaj se zgodi, ko se logika kaznovanja raz\u0161iri na podro\u010dja probacije, pogojnega odpusta, restorativne pravi\u010dnosti ali algoritmi\u010dnega ocenjevanja tveganja \u2013 in obratno? Prav na teh robovih lahko postane arhitektura diskrecije bolj vidna, hkrati pa tudi bolj problemati\u010dna.<\/p>\n<p data-start=\"2493\" data-end=\"2545\" style=\"text-align: justify;\"><strong data-start=\"2493\" data-end=\"2545\">Med vrsticami: institucije, vloge in interakcije<\/strong><\/p>\n<p data-start=\"2547\" data-end=\"2932\" data-is-last-node=\"\" data-is-only-node=\"\" style=\"text-align: justify;\">Na koncu se poglobimo v bolj subtilno arhitekturo kaznovanja \u2013 v \u00bbvrstice\u00ab, ki organizirajo institucionalno \u017eivljenje: obrazce, vloge, navade in ustaljene vzorce ravnanja. Kako drobne procesne zasnove in pri\u010dakovanja usmerjajo vedenje? Kako vloge in rutine dolo\u010dajo, kdo je sli\u0161an? Namen te sekcije je razkriti vsakdanjo zasnovo pravi\u010dnosti, ki jo najpogosteje jemljemo kot samoumevno.<\/p>\n<p data-start=\"61\" data-end=\"131\"><strong data-start=\"61\" data-end=\"131\">Preoblikovanje temeljnega na\u010drta: usmerjanje, spodbujanje, reforma<\/strong><\/p>\n<p data-start=\"133\" data-end=\"631\" style=\"text-align: justify;\">Nato se premaknemo od diagnoze k zasnovi. \u010ce je odlo\u010danje o kaznovanju mogo\u010de razumeti kot arhitekturo, kako bi jo lahko na novo zamislili? Kaj bi pomenilo usmerjati ali \u00bbne\u017eno spodbujati\u00ab (angl. <em data-start=\"329\" data-end=\"336\">nudge<\/em>) odlo\u010danje v smeri ve\u010dje pravi\u010dnosti, preglednosti in skrbi, ne da bi pri tem posegli v sodni\u0161ko neodvisnost? V tej sekciji bodo raziskovalci eksperimentirali s konceptualnimi in institucionalnimi prenovami ter si zami\u0161ljali sisteme, ki omogo\u010dajo bolj pregledno, pravi\u010dno in \u010dlove\u0161ko odlo\u010danje.<\/p>\n<p data-start=\"685\" data-end=\"743\" style=\"text-align: justify;\"><strong data-start=\"685\" data-end=\"743\">Vstop umetne inteligence: o \u010dem se moramo pogovarjati?<\/strong><\/p>\n<p data-start=\"745\" data-end=\"1185\" data-is-last-node=\"\" data-is-only-node=\"\" style=\"text-align: justify;\">Na koncu odpremo pogled v prihodnost. Kako bodo umetna inteligenca, strojno u\u010denje in podatkovna analitika preoblikovali raziskovanje kaznovanja in samo prakso kaznovanja? Razpravljali bomo o tem, kaj lahko s pomo\u010djo ra\u010dunalni\u0161kih orodij po\u010dnemo odgovorno \u2013 in morda tudi o tem, \u010desa ne bi smeli. Cilj ni tehnolo\u0161ki evangelizem, temve\u010d kriti\u010dni dialog: prepoznati, kak\u0161en pogovor o umetni inteligenci podro\u010dje kaznovanja dejansko potrebuje.<\/p>\n<p>[\/et_pb_text][et_pb_text _builder_version=&#8221;4.27.4&#8243; _module_preset=&#8221;default&#8221; header_2_font=&#8221;Mojca-123-slo|&#8211;et_global_heading_font_weight|||||||&#8221; header_3_font=&#8221;Mojca-123-slo|&#8211;et_global_heading_font_weight|||||||&#8221; global_colors_info=&#8221;{}&#8221;]<\/p>\n<h3 style=\"font-weight: 400;\"><strong>Zasnova za nova odkritja<\/strong><\/h3>\n<p>[\/et_pb_text][et_pb_text _builder_version=&#8221;4.27.4&#8243; _module_preset=&#8221;default&#8221; custom_margin=&#8221;|||0px|false|false&#8221; custom_padding=&#8221;|10px||10px|false|false&#8221; box_shadow_style=&#8221;preset6&#8243; box_shadow_position=&#8221;inner&#8221; global_colors_info=&#8221;{}&#8221;]<\/p>\n<p data-start=\"0\" data-end=\"404\" style=\"text-align: justify;\">Tudi neformalni deli blejskega programa so zasnovani premi\u0161ljeno. Trenutki odmika \u2013 kot so sprehod okoli jezera, skupni obrok ali menjava okolja \u2013 niso zgolj premori, temve\u010d prilo\u017enosti za druga\u010den razmislek. Z izstopom iz delovnega prostora lahko udele\u017eenci spremenijo perspektivo in zaznajo nove vzorce: kako se ideje premikajo, povezujejo ali dobijo nov pomen, ko jih opazujemo z drugega zornega kota.<\/p>\n<p data-start=\"406\" data-end=\"776\" data-is-last-node=\"\" data-is-only-node=\"\" style=\"text-align: justify;\">Ti trenutki nam omogo\u010dajo raziskovanje tega, kaj se zgodi, ko je tudi kaznovanje postavljeno \u00bbv gibanje\u00ab \u2013 ko zrahljamo meje formalne razprave in dopustimo, da na povr\u0161je pridejo refleksija, \u010dustva in intuicija. S tem ritmom vklju\u010denosti in odmika \u017eelimo ujeti tudi druge na\u010dine spoznavanja: uvide, ki ne nastajajo znotraj strukture sekcij, temve\u010d v prostorih med njimi.<\/p>\n<p>[\/et_pb_text][et_pb_text _builder_version=&#8221;4.27.4&#8243; _module_preset=&#8221;default&#8221; header_2_font=&#8221;Mojca-123-slo|&#8211;et_global_heading_font_weight|||||||&#8221; header_3_font=&#8221;Mojca-123-slo|&#8211;et_global_heading_font_weight|||||||&#8221; global_colors_info=&#8221;{}&#8221;]<\/p>\n<h3 style=\"font-weight: 400;\"><strong>Dimenzija zbiranja podatkov<\/strong><\/h3>\n<p>[\/et_pb_text][\/et_pb_column][\/et_pb_row][et_pb_row column_structure=&#8221;1_2,1_2&#8243; _builder_version=&#8221;4.27.4&#8243; _module_preset=&#8221;default&#8221; global_colors_info=&#8221;{}&#8221;][et_pb_column type=&#8221;1_2&#8243; _builder_version=&#8221;4.27.4&#8243; _module_preset=&#8221;default&#8221; global_colors_info=&#8221;{}&#8221;][et_pb_image src=&#8221;https:\/\/inst-krim.si\/sentrix\/wp-content\/uploads\/2025\/06\/Search.png&#8221; title_text=&#8221;Search&#8221; _builder_version=&#8221;4.27.4&#8243; _module_preset=&#8221;default&#8221; global_colors_info=&#8221;{}&#8221;][\/et_pb_image][\/et_pb_column][et_pb_column type=&#8221;1_2&#8243; _builder_version=&#8221;4.27.4&#8243; _module_preset=&#8221;default&#8221; global_colors_info=&#8221;{}&#8221;][et_pb_text _builder_version=&#8221;4.27.4&#8243; _module_preset=&#8221;default&#8221; global_colors_info=&#8221;{}&#8221;]<\/p>\n<p data-start=\"0\" data-end=\"526\" style=\"text-align: justify;\">Skozi celotno delavnico bomo spremljali in dokumentirali, kako raziskovalci opisujejo kaznovanje: katere elemente razumejo kot osrednje, kako jih povezujejo in postavljajo v medsebojna razmerja ter kako disciplinarne perspektive vplivajo na to, kaj je opa\u017eeno in kaj ovrednoteno. S pomo\u010djo kratkih refleksij, zapiskov in pogovorov \u017eelimo oblikovati celostno sliko razumevanja kaznovanja med strokovnjaki \u2013 njegovih sestavnih delov, napetosti in notranjih logik \u2013, kot jih artikulirajo tisti, ki ga raziskujejo in sooblikujejo.<\/p>\n<p data-start=\"528\" data-end=\"1166\" data-is-last-node=\"\" data-is-only-node=\"\" style=\"text-align: justify;\">To bo del \u0161ir\u0161ega prizadevanja Sentrix, katerega cilj je vzpostavitev dinami\u010dnega, na podatkih temelje\u010dega zemljevida raziskovanja kaznovanja, ki prikazuje, kako se ideje, discipline in raziskovalna vpra\u0161anja prepletajo znotraj celotnega podro\u010dja.<\/p>\n<p>[\/et_pb_text][\/et_pb_column][\/et_pb_row][et_pb_row _builder_version=&#8221;4.27.4&#8243; _module_preset=&#8221;default&#8221; global_colors_info=&#8221;{}&#8221;][et_pb_column type=&#8221;4_4&#8243; _builder_version=&#8221;4.27.4&#8243; _module_preset=&#8221;default&#8221; global_colors_info=&#8221;{}&#8221;][et_pb_text _builder_version=&#8221;4.27.4&#8243; _module_preset=&#8221;default&#8221; header_2_font=&#8221;Mojca-123-slo|&#8211;et_global_heading_font_weight|||||||&#8221; header_3_font=&#8221;Mojca-123-slo|&#8211;et_global_heading_font_weight|||||||&#8221; global_colors_info=&#8221;{}&#8221;]<\/p>\n<h3 style=\"font-weight: 400;\"><strong>Iz Bleda na zemljevid Sveta<\/strong><\/h3>\n<p>[\/et_pb_text][\/et_pb_column][\/et_pb_row][et_pb_row column_structure=&#8221;1_2,1_2&#8243; _builder_version=&#8221;4.27.4&#8243; _module_preset=&#8221;default&#8221; custom_padding=&#8221;27px|||||&#8221; global_colors_info=&#8221;{}&#8221;][et_pb_column type=&#8221;1_2&#8243; _builder_version=&#8221;4.27.4&#8243; _module_preset=&#8221;default&#8221; global_colors_info=&#8221;{}&#8221;][et_pb_text _builder_version=&#8221;4.27.4&#8243; _module_preset=&#8221;default&#8221; header_4_font=&#8221;Mojca-123-slo|&#8211;et_global_body_font_weight|||||||&#8221; header_4_font_size=&#8221;20px&#8221; global_colors_info=&#8221;{}&#8221;]<\/p>\n<h4 style=\"font-weight: 400; text-align: justify;\">Kar se zgodi na Bledu ne bo ostalo le tam.<\/h4>\n<p style=\"font-weight: 400; text-align: justify;\"><span>Refleksije, interakcije in nove ideje, ki bodo vzniknile na delavnici, bodo neposredno prispevale k naslednji fazi projekta Sentrix: oblikovanju podatkovno podprtega, interaktivnega zemljevida znanja o kaznovanju. V tem smislu je delavnica hkrati intelektualno sre\u010danje in temelj ne\u010desa \u0161ir\u0161ega \u2013 razvijajo\u010de se skupne predstavitve tega, kako se o kaznovanju razmi\u0161lja in kako se ga razume.<\/span><\/p>\n<p>[\/et_pb_text][\/et_pb_column][et_pb_column type=&#8221;1_2&#8243; _builder_version=&#8221;4.27.4&#8243; _module_preset=&#8221;default&#8221; global_colors_info=&#8221;{}&#8221;][et_pb_text _builder_version=&#8221;4.27.4&#8243; _module_preset=&#8221;default&#8221; background_color=&#8221;#D6D6D6&#8243; min_height=&#8221;186px&#8221; custom_padding=&#8221;|10px||10px|false|false&#8221; box_shadow_style=&#8221;preset2&#8243; global_colors_info=&#8221;{}&#8221;]<\/p>\n<p style=\"text-align: justify;\"><span>Delavnica Sentrix na Bledu je predvsem pogovor s samim raziskovalnim poljem. Predstavlja prilo\u017enost, da se o kaznovanju u\u010dimo od tistih, ki so svoja akademska prizadevanja posvetili njegovemu poglobljenemu raziskovanju, ter da ujamemo, kako se njihove ideje povezujejo, soo\u010dajo in skupaj ustvarjajo nova razumevanja.<\/span><\/p>\n<p>[\/et_pb_text][\/et_pb_column][\/et_pb_row][\/et_pb_section][et_pb_section fb_built=&#8221;1&#8243; _builder_version=&#8221;4.27.4&#8243; _module_preset=&#8221;default&#8221; locked=&#8221;off&#8221;][et_pb_row _builder_version=&#8221;4.27.4&#8243; _module_preset=&#8221;default&#8221; theme_builder_area=&#8221;post_content&#8221; column_structure=&#8221;1_5,1_5,1_5,1_5,1_5&#8243; hover_enabled=&#8221;0&#8243; sticky_enabled=&#8221;0&#8243;][et_pb_column _builder_version=&#8221;4.27.4&#8243; _module_preset=&#8221;default&#8221; type=&#8221;1_5&#8243; theme_builder_area=&#8221;post_content&#8221;][et_pb_image src=&#8221;https:\/\/inst-krim.si\/sentrix\/wp-content\/uploads\/2025\/08\/Mojca.png&#8221; _builder_version=&#8221;4.27.4&#8243; _module_preset=&#8221;default&#8221; theme_builder_area=&#8221;post_content&#8221; title_text=&#8221;Mojca&#8221; hover_enabled=&#8221;0&#8243; sticky_enabled=&#8221;0&#8243;][\/et_pb_image][\/et_pb_column][et_pb_column _builder_version=&#8221;4.27.4&#8243; _module_preset=&#8221;default&#8221; type=&#8221;1_5&#8243; theme_builder_area=&#8221;post_content&#8221;][et_pb_text _builder_version=&#8221;4.27.4&#8243; _module_preset=&#8221;default&#8221; theme_builder_area=&#8221;post_content&#8221; hover_enabled=&#8221;0&#8243; sticky_enabled=&#8221;0&#8243; custom_padding=&#8221;|1px||||&#8221; custom_margin=&#8221;|-55px|||false|false&#8221;]<\/p>\n<p><strong>Mojca M. Plesni\u010dar<\/strong><\/p>\n<p>avtorica<\/p>\n<p>[\/et_pb_text][\/et_pb_column][et_pb_column _builder_version=&#8221;4.27.4&#8243; _module_preset=&#8221;default&#8221; type=&#8221;1_5&#8243; theme_builder_area=&#8221;post_content&#8221;][\/et_pb_column][et_pb_column _builder_version=&#8221;4.27.4&#8243; _module_preset=&#8221;default&#8221; type=&#8221;1_5&#8243; theme_builder_area=&#8221;post_content&#8221;][\/et_pb_column][et_pb_column _builder_version=&#8221;4.27.4&#8243; _module_preset=&#8221;default&#8221; type=&#8221;1_5&#8243; theme_builder_area=&#8221;post_content&#8221;][\/et_pb_column][\/et_pb_row][\/et_pb_section]<\/p>\n","protected":false},"excerpt":{"rendered":"<p>Novembra 2025 se bodo na Bledu zbrali strokovnjaki iz podro\u010dja izrekanja kazenskih sankcij iz Evrope in \u0161ir\u0161e na nekoliko druga\u010dnem dogodku: delavnici, ki je deloma pogovor, deloma eksperiment in deloma refleksija o tem, kako vemo tisto, kar vemo. Delavnica Sentrix je zasnovana kot laboratorij idej. Namesto konference z \u017ee dokon\u010danimi prispevki je to skrbno strukturiran [&hellip;]<\/p>\n","protected":false},"author":1,"featured_media":240329,"comment_status":"open","ping_status":"open","sticky":false,"template":"","format":"standard","meta":{"_et_pb_use_builder":"on","_et_pb_old_content":"","_et_gb_content_width":"","footnotes":""},"categories":[38,142],"tags":[],"class_list":["post-240451","post","type-post","status-publish","format-standard","has-post-thumbnail","hentry","category-novice","category-refleksije"],"_links":{"self":[{"href":"https:\/\/inst-krim.si\/sentrix\/wp-json\/wp\/v2\/posts\/240451","targetHints":{"allow":["GET"]}}],"collection":[{"href":"https:\/\/inst-krim.si\/sentrix\/wp-json\/wp\/v2\/posts"}],"about":[{"href":"https:\/\/inst-krim.si\/sentrix\/wp-json\/wp\/v2\/types\/post"}],"author":[{"embeddable":true,"href":"https:\/\/inst-krim.si\/sentrix\/wp-json\/wp\/v2\/users\/1"}],"replies":[{"embeddable":true,"href":"https:\/\/inst-krim.si\/sentrix\/wp-json\/wp\/v2\/comments?post=240451"}],"version-history":[{"count":1,"href":"https:\/\/inst-krim.si\/sentrix\/wp-json\/wp\/v2\/posts\/240451\/revisions"}],"predecessor-version":[{"id":240725,"href":"https:\/\/inst-krim.si\/sentrix\/wp-json\/wp\/v2\/posts\/240451\/revisions\/240725"}],"wp:featuredmedia":[{"embeddable":true,"href":"https:\/\/inst-krim.si\/sentrix\/wp-json\/wp\/v2\/media\/240329"}],"wp:attachment":[{"href":"https:\/\/inst-krim.si\/sentrix\/wp-json\/wp\/v2\/media?parent=240451"}],"wp:term":[{"taxonomy":"category","embeddable":true,"href":"https:\/\/inst-krim.si\/sentrix\/wp-json\/wp\/v2\/categories?post=240451"},{"taxonomy":"post_tag","embeddable":true,"href":"https:\/\/inst-krim.si\/sentrix\/wp-json\/wp\/v2\/tags?post=240451"}],"curies":[{"name":"wp","href":"https:\/\/api.w.org\/{rel}","templated":true}]}}