{"id":240477,"date":"2025-11-26T12:10:00","date_gmt":"2025-11-26T12:10:00","guid":{"rendered":"https:\/\/inst-krim.si\/sentrix\/?p=240477"},"modified":"2026-03-25T12:26:21","modified_gmt":"2026-03-25T12:26:21","slug":"novo-kaznivo-dejanje-femicida-v-italiji-ko-izrekanje-kazni-postane-enostavno-nadomestilo-za-razumevanje-nasilja","status":"publish","type":"post","link":"https:\/\/inst-krim.si\/sentrix\/sl\/novo-kaznivo-dejanje-femicida-v-italiji-ko-izrekanje-kazni-postane-enostavno-nadomestilo-za-razumevanje-nasilja\/","title":{"rendered":"Novo kaznivo dejanje femicida v Italiji: Ko izrekanje kazni postane enostavno nadomestilo za razumevanje nasilja"},"content":{"rendered":"<p>[et_pb_section fb_built=&#8221;1&#8243; _builder_version=&#8221;4.27.4&#8243; _module_preset=&#8221;default&#8221; custom_padding=&#8221;9px|||||&#8221; locked=&#8221;off&#8221; global_colors_info=&#8221;{}&#8221;][et_pb_row _builder_version=&#8221;4.27.4&#8243; _module_preset=&#8221;default&#8221; custom_padding=&#8221;||0px|||&#8221; global_colors_info=&#8221;{}&#8221;][et_pb_column type=&#8221;4_4&#8243; _builder_version=&#8221;4.27.4&#8243; _module_preset=&#8221;default&#8221; global_colors_info=&#8221;{}&#8221;][et_pb_text _builder_version=&#8221;4.27.4&#8243; _module_preset=&#8221;default&#8221; header_2_font=&#8221;Mojca-123-slo|&#8211;et_global_heading_font_weight|||||||&#8221; header_3_font=&#8221;Mojca-123-slo|&#8211;et_global_heading_font_weight|||||||&#8221; global_colors_info=&#8221;{}&#8221;]<\/p>\n<h3 style=\"font-weight: 400;\"><strong>Nov prekr\u0161ek, star politi\u010dni refleks<\/strong><\/h3>\n<p>[\/et_pb_text][et_pb_text _builder_version=&#8221;4.27.4&#8243; _module_preset=&#8221;default&#8221; global_colors_info=&#8221;{}&#8221;]<\/p>\n<div>\n<div>\n<p data-start=\"0\" data-end=\"443\" style=\"text-align: justify;\">Italija je <a href=\"https:\/\/www.bbc.com\/news\/articles\/c1dzp050yn2o\">sprejela reformo, ki femicid preoblikuje v samostojno kaznivo dejanje v kazenskem zakoniku<\/a>, pri \u010demer je kot najvi\u0161ja kazen predviden dosmrtni zapor. Na papirju deluje kot odlo\u010den odziv na dru\u017ebeno krizo. V resnici pa v tem prepoznavam star politi\u010dni refleks: ko se zakonodajalci soo\u010dijo z globoko zakoreninjenim dru\u017ebenim problemom, pose\u017eejo po najstro\u017eji razpolo\u017eljivi sankciji in upajo, da bo simbolna mo\u010d kaznovanja zadostovala.<\/p>\n<p data-start=\"445\" data-end=\"1794\" style=\"text-align: justify;\">Ta pristop temelji na predpostavki, da bo pove\u010danje strogosti kazni pomembno prispevalo k odvra\u010danju nasilja. Vendar \u2013 kot vemo \u017ee od Beccarijevih \u010dasov, sodobne raziskave zadnjih desetletij pa to le potrjujejo \u2013 ima strogost kazni minimalno vlogo, medtem ko sta veliko pomembnej\u0161i gotovost in hitrost odziva (<em><a href=\"https:\/\/doi.org\/10.1086\/670398\">Nagin, 2013<\/a>).\u00a0<\/em><\/p>\n<\/div>\n<\/div>\n<div style=\"text-align: justify;\"><\/div>\n<p>[\/et_pb_text][et_pb_text _builder_version=&#8221;4.27.4&#8243; _module_preset=&#8221;default&#8221; header_2_font=&#8221;Mojca-123-slo|&#8211;et_global_heading_font_weight|||||||&#8221; header_3_font=&#8221;Mojca-123-slo|&#8211;et_global_heading_font_weight|||||||&#8221; global_colors_info=&#8221;{}&#8221;]<\/p>\n<h3 style=\"font-weight: 400;\"><strong>Femicid kot kon\u010dna faza nara\u0161\u010dajo\u010dega, spolno pogojenega nasilja<\/strong><\/h3>\n<p>[\/et_pb_text][\/et_pb_column][\/et_pb_row][et_pb_row column_structure=&#8221;1_2,1_2&#8243; _builder_version=&#8221;4.27.4&#8243; _module_preset=&#8221;default&#8221; custom_padding=&#8221;||26px|||&#8221; locked=&#8221;off&#8221; global_colors_info=&#8221;{}&#8221;][et_pb_column type=&#8221;1_2&#8243; _builder_version=&#8221;4.27.4&#8243; _module_preset=&#8221;default&#8221; global_colors_info=&#8221;{}&#8221;][et_pb_cta button_text=&#8221;Click Here&#8221; _builder_version=&#8221;4.27.4&#8243; _module_preset=&#8221;default&#8221; background_color=&#8221;#E02B20&#8243; background_enable_image=&#8221;off&#8221; custom_margin=&#8221;3px|||||&#8221; custom_padding=&#8221;32px|||||&#8221; global_colors_info=&#8221;{%22gcid-primary-color%22:%91%22button_text_color%22,%22button_text_color%22%93}&#8221;]<\/p>\n<p><span lang=\"EN-GB\"><span>Femicid ni rezultat odmere kazni. Je smrtonosni kon\u010dni izid dolgega, pogosto prepoznavnega procesa prisilnega nadzora, stopnjevanja nasilja in institucionalnih odpovedi.<\/span><\/span><\/p>\n<p>[\/et_pb_cta][\/et_pb_column][et_pb_column type=&#8221;1_2&#8243; _builder_version=&#8221;4.27.4&#8243; _module_preset=&#8221;default&#8221; global_colors_info=&#8221;{}&#8221;][et_pb_text _builder_version=&#8221;4.27.4&#8243; _module_preset=&#8221;default&#8221; custom_margin=&#8221;1px||||false|false&#8221; global_colors_info=&#8221;{}&#8221;]<\/p>\n<div style=\"text-align: justify;\">\n<div>\n<p style=\"text-align: justify;\"><span lang=\"EN-GB\"><span>Femicid ni rezultat odmere kazni. Je smrtonosni kon\u010dni izid dolgega, pogosto prepoznavnega procesa prisilnega nadzora, stopnjevanja nasilja in institucionalnih odpovedi. Ena najtrdnej\u0161ih ve\u010dlokacijskih \u0161tudij tipa primer\u2013kontrola na tem podro\u010dju ka\u017ee, da do femicidov v intimnih partnerskih odnosih skoraj nikoli ne pride brez predhodnih opozorilnih znakov: gro\u017eenj s smrtjo, zalezovanja, prisilnih spolnih odnosov, lo\u010ditve, stopnjevanja nasilja in neuspe\u0161nega posredovanja institucij<\/span>\u00a0(<em><a href=\"https:\/\/pmc.ncbi.nlm.nih.gov\/articles\/PMC1447915\/\">Campbell et al., 2003<\/a>).\u00a0<\/em><\/span><\/p>\n<\/div>\n<\/div>\n<div><\/div>\n<p>[\/et_pb_text][\/et_pb_column][\/et_pb_row][et_pb_row _builder_version=&#8221;4.27.4&#8243; _module_preset=&#8221;default&#8221; custom_padding=&#8221;||6px|||&#8221; global_colors_info=&#8221;{}&#8221;][et_pb_column type=&#8221;4_4&#8243; _builder_version=&#8221;4.27.4&#8243; _module_preset=&#8221;default&#8221; global_colors_info=&#8221;{}&#8221;][et_pb_text _builder_version=&#8221;4.27.4&#8243; _module_preset=&#8221;default&#8221; global_colors_info=&#8221;{}&#8221;]<\/p>\n<div>\n<p data-start=\"445\" data-end=\"1794\" style=\"text-align: justify;\">Ti vzorci so bili obse\u017eno dokumentirani v raziskavah prisilnega nadzora. Femicid v intimnih partnerskih odnosih izhaja iz dinamike dominacije in ob\u010dutka upravi\u010denosti, ne iz spontane jeze. \u0160tudije ka\u017eejo, kako storilci uporabljajo gro\u017enje, nadzor, izolacijo in \u010dustveno manipulacijo dolgo pred samim umorom <span lang=\"EN-GB\"> (<a href=\"https:\/\/doi.org\/10.1177\/1557085117701574\">Johnson, Eriksson, Mazerolle &amp; Wortley, 2019<\/a>)<\/span>. Dopolnilna tipologija opredeljuje osemstopenjsko pot do umora in poudarja zamujene institucionalne prilo\u017enosti na vsaki posamezni stopnji<span lang=\"EN-GB\">\u00a0(<a href=\"1077801219863876\">Monckton Smith, 2020<\/a>).<\/span><\/p>\n<p style=\"text-align: justify;\">Primerjalne raziskave dru\u017ebenih okolij storilcev dodatno ka\u017eejo, da so povzro\u010ditelji femicida pogosto vpeti v mre\u017ee, ki stopnjevanje nadzora normalizirajo ali spregledajo, namesto da bi ga v zgodnej\u0161ih fazah problematizirale (<a href=\"https:\/\/doi.org\/10.1177\/08862605241265918\">FarrHenderson, Di Marco &amp; Evans, 2025)<\/a>.<br \/><span lang=\"EN-GB\"><\/span><\/p>\n<p style=\"text-align: justify;\">\n<\/div>\n<div style=\"text-align: justify;\">\n<p><span lang=\"EN-GB\"><\/span><\/p>\n<\/div>\n<div>\n<p style=\"text-align: justify;\"><span lang=\"EN-GB\"><strong><span>Uvedba vi\u0161je najvi\u0161je kazni ne spremeni ni\u010desar od navedenega<\/span>.<\/strong><o:p><\/o:p><\/span><\/p>\n<\/div>\n<p>[\/et_pb_text][et_pb_text _builder_version=&#8221;4.27.4&#8243; _module_preset=&#8221;default&#8221; header_2_font=&#8221;Mojca-123-slo|&#8211;et_global_heading_font_weight|||||||&#8221; header_3_font=&#8221;Mojca-123-slo|&#8211;et_global_heading_font_weight|||||||&#8221; global_colors_info=&#8221;{}&#8221;]<\/p>\n<h3 style=\"font-weight: 400;\"><strong>Italijanski kontekst: Spolne norme so plodna tla za nasilje<\/strong><\/h3>\n<p>[\/et_pb_text][et_pb_image src=&#8221;https:\/\/inst-krim.si\/sentrix\/wp-content\/uploads\/2025\/11\/spletna-stran_naslovnice-1.png&#8221; title_text=&#8221;spletna stran_naslovnice&#8221; _builder_version=&#8221;4.27.4&#8243; _module_preset=&#8221;default&#8221; global_colors_info=&#8221;{}&#8221;][\/et_pb_image][et_pb_text _builder_version=&#8221;4.27.4&#8243; _module_preset=&#8221;default&#8221; custom_padding=&#8221;||0px|||&#8221; global_colors_info=&#8221;{}&#8221;]<\/p>\n<div>\n<p><span lang=\"EN-GB\"><span>Da bi razumeli, <strong>zakaj bo imela ta reforma verjetno zelo omejen u\u010dinek, moramo pogledati onkraj kaznovanja in v dru\u017ebeni red, znotraj katerega femicidi nastajajo<\/strong>. Italija ostaja dru\u017eba, ki jo zaznamujejo mo\u010dne spolne norme ter neenaka porazdelitev skrbstvenega dela, ekonomske mo\u010di in dru\u017ebenih pri\u010dakovanj. Raziskave ka\u017eejo, da so stali\u0161\u010da, ki zmanj\u0161ujejo resnost nasilja nad \u017eenskami in krivdo prelagajo na \u017ertve, bistveno bolj raz\u0161irjena v dru\u017ebah z ni\u017ejo stopnjo enakosti spolov<\/span> <a href=\"https:\/\/doi.org\/10.1371\/journal.pone.0206101\">(Sardinha, L., &amp; Catal\u00e1n, H. (2018)<\/a><\/span><span lang=\"EN-GB\">; <a href=\"https:\/\/pubmed.ncbi.nlm.nih.gov\/24839328\/\">Gracia, 2014).<\/a><\/span><\/p>\n<p><span lang=\"EN-GB\"><\/span><\/p>\n<\/div>\n<div>\n<p><span lang=\"EN-GB\"><span>Poleg tega dr\u017eave z bolj tradicionalnimi spolnimi normami izkazujejo ve\u010djo toleranco do nasilja in mo\u010dnej\u0161e te\u017enje k upravi\u010devanju mo\u0161kega nadzornega vedenja<\/span>\u00a0<a href=\"https:\/\/doi.org\/10.1093\/eurpub\/ckx218\">(Ivert, Gracia, Lila et al., 2018).<\/a><\/span><\/p>\n<\/div>\n<p>[\/et_pb_text][\/et_pb_column][\/et_pb_row][et_pb_row column_structure=&#8221;1_2,1_2&#8243; _builder_version=&#8221;4.27.4&#8243; _module_preset=&#8221;default&#8221; custom_padding=&#8221;||26px|||&#8221; locked=&#8221;off&#8221; global_colors_info=&#8221;{}&#8221;][et_pb_column type=&#8221;1_2&#8243; _builder_version=&#8221;4.27.4&#8243; _module_preset=&#8221;default&#8221; global_colors_info=&#8221;{}&#8221;][et_pb_cta button_text=&#8221;Click Here&#8221; _builder_version=&#8221;4.27.4&#8243; _module_preset=&#8221;default&#8221; background_color=&#8221;#E02B20&#8243; background_enable_image=&#8221;off&#8221; custom_margin=&#8221;3px|||||&#8221; custom_padding=&#8221;32px|||||&#8221; global_colors_info=&#8221;{%22gcid-primary-color%22:%91%22button_text_color%22,%22button_text_color%22%93}&#8221;]<\/p>\n<p><strong><span lang=\"EN-GB\">Nasilje izhaja iz spolno zaznamovanega dru\u017ebenega scenarija, v katerem so mo\u0161ka upravi\u010denost, nadzor in \u010dustvena nestabilnost normalizirani<\/span><\/strong><\/p>\n<p>[\/et_pb_cta][\/et_pb_column][et_pb_column type=&#8221;1_2&#8243; _builder_version=&#8221;4.27.4&#8243; _module_preset=&#8221;default&#8221; global_colors_info=&#8221;{}&#8221;][et_pb_text _builder_version=&#8221;4.27.4&#8243; _module_preset=&#8221;default&#8221; custom_margin=&#8221;1px||||false|false&#8221; global_colors_info=&#8221;{}&#8221;]<\/p>\n<p style=\"text-align: justify;\"><span lang=\"EN-GB\"><span>Te ugotovitve odmevajo tudi v tem, kar smo drugi govorniki in jaz poudarjali na <a href=\"https:\/\/www.cnvos.si\/aktualno\/12534\/4-nacionalna-konferenca-ob-mednarodnem-dnevu-boja-proti-nasilju-nad-zenskami\/\">v\u010deraj\u0161nji nacionalni konferenci o nasilju nad \u017eenskami<\/a>: nasilje izhaja iz spolno zaznamovanega dru\u017ebenega scenarija, v katerem so mo\u0161ka upravi\u010denost, nadzor in \u010dustvena nestabilnost normalizirani. Brez spremembe tega scenarija lahko kazenski zakonik zgolj sanira posledice, ne pa jih prepre\u010duje.<\/span><\/span><\/p>\n<p>[\/et_pb_text][\/et_pb_column][\/et_pb_row][et_pb_row _builder_version=&#8221;4.27.4&#8243; _module_preset=&#8221;default&#8221; custom_padding=&#8221;||4px|||&#8221; global_colors_info=&#8221;{}&#8221;][et_pb_column type=&#8221;4_4&#8243; _builder_version=&#8221;4.27.4&#8243; _module_preset=&#8221;default&#8221; global_colors_info=&#8221;{}&#8221;][et_pb_text _builder_version=&#8221;4.27.4&#8243; _module_preset=&#8221;default&#8221; header_2_font=&#8221;Mojca-123-slo|&#8211;et_global_heading_font_weight|||||||&#8221; header_3_font=&#8221;Mojca-123-slo|&#8211;et_global_heading_font_weight|||||||&#8221; global_colors_info=&#8221;{}&#8221;]<\/p>\n<h3 style=\"font-weight: 400;\"><strong>Zakaj dosmrtna zaporna kazen ne prepre\u010duje nasilja<\/strong><\/h3>\n<p>[\/et_pb_text][et_pb_text _builder_version=&#8221;4.27.4&#8243; _module_preset=&#8221;default&#8221; custom_padding=&#8221;|7px|0px|7px|false|false&#8221; box_shadow_style=&#8221;preset1&#8243; global_colors_info=&#8221;{}&#8221;]<\/p>\n<p style=\"text-align: justify;\"><span>Stroge kazni so politi\u010dno privla\u010dne, ker ustvarjajo vtis skrbi za problem, hkrati pa od sistema zahtevajo zelo malo. Ne zahtevajo usklajenih storitev, doslednih za\u0161\u010ditnih ukrepov, usposobljene policije, delujo\u010dih protokolov za oceno tveganja ali zadostnega \u0161tevila varnih hi\u0161. Ne zahtevajo soo\u010denja z dru\u017ebenimi normami niti podpore ekonomski neodvisnosti \u017eensk. Zadostuje sprememba kazenskega zakonika.<\/span><\/p>\n<p>[\/et_pb_text][et_pb_text _builder_version=&#8221;4.27.4&#8243; _module_preset=&#8221;default&#8221; custom_padding=&#8221;||0px|||&#8221; global_colors_info=&#8221;{}&#8221;]<\/p>\n<div>\n<p data-start=\"3636\" data-end=\"3952\" style=\"text-align: justify;\">Toda kaznovanje je zadnje dejanje v tragediji, katere prej\u0161nji prizori so bili pogosto polni opozorilnih znakov. Do trenutka, ko je izre\u010den dosmrtni zapor, je umor \u017ee storjen, zaporedje odpovedi na medosebni, institucionalni in dru\u017ebeni ravni pa je \u017ee dolgo pre\u0161lo to\u010dko, na kateri bi kaznovanje sploh lahko poseglo.<\/p>\n<p data-start=\"3954\" data-end=\"4198\" style=\"text-align: justify;\">Dokazi iz raziskav nasilja v intimnih partnerskih odnosih ka\u017eejo, da tudi zelo stroge sankcije, vklju\u010dno z zaporno kaznijo, ne zmanj\u0161ujejo zanesljivo ponavljanja nasilja niti ne prepre\u010dujejo njegovega stopnjevanja (<a href=\"https:\/\/scholarlycommons.law.northwestern.edu\/jclc\/vol111\/iss1\/4\/\">Garner, Maxwell &amp; Lee, 2021<\/a>).\u00a0<\/p>\n<p data-start=\"4200\" data-end=\"4413\" data-is-last-node=\"\" data-is-only-node=\"\" style=\"text-align: justify;\"><strong>Logika je preprosta: ljudje, ki izvajajo nasilje v intimnih partnerskih odnosih, ne tehtajo najvi\u0161jih zagro\u017eenih kazni; delujejo znotraj \u010dustvenih, odnosnih in prisilnih dinamik, ki preglasijo racionalni prera\u010dun.<\/strong><span lang=\"EN-GB\"><\/span><\/p>\n<\/div>\n<p>&nbsp;<\/p>\n<p>[\/et_pb_text][et_pb_text _builder_version=&#8221;4.27.4&#8243; _module_preset=&#8221;default&#8221; header_2_font=&#8221;Mojca-123-slo|&#8211;et_global_heading_font_weight|||||||&#8221; header_3_font=&#8221;Mojca-123-slo|&#8211;et_global_heading_font_weight|||||||&#8221; global_colors_info=&#8221;{}&#8221;]<\/p>\n<h3 style=\"font-weight: 400;\"><strong>Simbolizem brez prave struktur<\/strong><\/h3>\n<p>[\/et_pb_text][et_pb_text _builder_version=&#8221;4.27.4&#8243; _module_preset=&#8221;default&#8221; custom_padding=&#8221;||0px|||&#8221; global_colors_info=&#8221;{}&#8221;]<\/p>\n<div>\n<p style=\"text-align: justify;\"><span lang=\"EN-GB\"><\/span><\/p>\n<\/div>\n<div style=\"text-align: justify;\">\n<div>\n<p data-start=\"0\" data-end=\"566\">Priznanje femicida kot samostojnega kaznivega dejanja ni brez pomena. Poimenuje spolno zaznamovan vzorec ubijanja in izrazi dru\u017ebeno obsodbo, vendar je vse to mogo\u010de dose\u010di tudi na druge na\u010dine. Simbolika brez institucionalne reforme pa pomeni \u0161ibko za\u0161\u010dito \u2013 ali sploh nobene. Resni\u010dnih gonil prepre\u010devanja, kot so zgodnje prepoznavanje prisilnega nadzora, u\u010dinkoviti in izvr\u0161ljivi za\u0161\u010ditni ukrepi, usposabljanje policije, ocenjevanje tveganja, ekonomska avtonomija ter dolgotrajno delo na podro\u010dju spolnih norm, ni mogo\u010de nadomestiti z eno samo kaznovalno dolo\u010dbo.<\/p>\n<blockquote>\n<p data-start=\"568\" data-end=\"2565\">Nova italijanska zakonodaja naka\u017ee resnost problema, hkrati pa se izogne njegovim vzrokom. Izra\u017ea ogor\u010denje, a se izmika odgovornosti. Ta napetost je bila v polnosti razvidna v\u010deraj, 25. novembra, ko je Camera (spodnji dom italijanskega parlamenta) prav na dan, posve\u010den odpravi nasilja nad \u017eenskami, potrdila novo kaznivo dejanje femicida, medtem ko je Senato (zgornji dom italijanskega parlamenta) isto\u010dasno ustavil vzporedno reformo, ki bi spolno nasilje kon\u010dno jasno utemeljila na na\u010delu svobodnega in pritrdilnega soglasja. <span>Kontrast je osupljiv: zakon, ki uvaja dosmrtni zapor, je napredoval gladko in soglasno, medtem ko je bil predlog zakona, ki bi jasno dolo\u010dil, da je spolni odnos brez svobodnega in aktualnega soglasja posilstvo, vrnjen v \u00bbnadaljnjo obravnavo\u00ab in s tem dejansko <a href=\"https:\/\/www.rainews.it\/articoli\/2025\/11\/la-nuova-legge-che-introduce-il-reato-di-femminicidio-atteso-via-libera-a-montecitorio-6599d0b0-0426-4316-b187-cfbc5421d836.html\">umaknjen z dnevnega reda Senata<\/a>, kljub temu da je prej u\u017eival soglasno podporo.<\/span><\/p>\n<\/blockquote>\n<\/div>\n<\/div>\n<p>[\/et_pb_text][\/et_pb_column][\/et_pb_row][et_pb_row column_structure=&#8221;1_2,1_2&#8243; _builder_version=&#8221;4.27.4&#8243; _module_preset=&#8221;default&#8221; custom_padding=&#8221;11px||26px|||&#8221; locked=&#8221;off&#8221; global_colors_info=&#8221;{}&#8221;][et_pb_column type=&#8221;1_2&#8243; _builder_version=&#8221;4.27.4&#8243; _module_preset=&#8221;default&#8221; global_colors_info=&#8221;{}&#8221;][et_pb_text _builder_version=&#8221;4.27.4&#8243; _module_preset=&#8221;default&#8221; custom_margin=&#8221;1px||||false|false&#8221; global_colors_info=&#8221;{}&#8221;]<\/p>\n<p style=\"text-align: justify;\"><span>Ta politi\u010dna koreografija razkriva neprijetno resnico: izra\u017eati ogor\u010denje z zaostrovanjem kazni je bistveno la\u017eje kot se zavezati strukturnim spremembam. In dokler se politi\u010dna pozornost ne bo premaknila od kaznovanja k prepre\u010devanju, bodo femicidi \u0161e naprej obravnavani kot osamljene tragedije, ne pa kot predvidljivi izidi spolnega reda, ki mo\u0161kim \u0161e vedno podeljuje preve\u010d mo\u010di, preve\u010d upravi\u010denosti in preve\u010d prostora za povzro\u010danje \u0161kode.<\/span><\/p>\n<p>[\/et_pb_text][\/et_pb_column][et_pb_column type=&#8221;1_2&#8243; _builder_version=&#8221;4.27.4&#8243; _module_preset=&#8221;default&#8221; global_colors_info=&#8221;{}&#8221;][et_pb_cta button_text=&#8221;Click Here&#8221; _builder_version=&#8221;4.27.4&#8243; _module_preset=&#8221;default&#8221; background_color=&#8221;#E02B20&#8243; background_enable_image=&#8221;off&#8221; custom_margin=&#8221;3px|||||&#8221; custom_padding=&#8221;32px|||||&#8221; global_colors_info=&#8221;{%22gcid-primary-color%22:%91%22button_text_color%22,%22button_text_color%22%93}&#8221;]<\/p>\n<p><strong>Dokler se politi\u010dna pozornost ne bo premaknila od kaznovanja k prepre\u010devanju, bodo femicidi \u0161e naprej obravnavani kot osamljene tragedije<\/strong><\/p>\n<p>[\/et_pb_cta][\/et_pb_column][\/et_pb_row][et_pb_row _builder_version=&#8221;4.27.4&#8243; _module_preset=&#8221;default&#8221; custom_margin=&#8221;-8px|auto||auto||&#8221; global_colors_info=&#8221;{}&#8221;][et_pb_column type=&#8221;4_4&#8243; _builder_version=&#8221;4.27.4&#8243; _module_preset=&#8221;default&#8221; global_colors_info=&#8221;{}&#8221;][et_pb_text _builder_version=&#8221;4.27.4&#8243; _module_preset=&#8221;default&#8221; custom_margin=&#8221;-14px||||false|false&#8221; global_colors_info=&#8221;{}&#8221;]<\/p>\n<p style=\"text-align: justify;\"><span>In dokler se politi\u010dna pozornost ne bo premaknila od kaznovanja k prepre\u010devanju, bodo femicidi \u0161e naprej obravnavani kot osamljene tragedije, ne pa kot predvidljivi izidi spolnega reda, ki \u0161e naprej privilegira nadzor, preglasuje avtonomijo ter normalizira neenako razmerje mo\u010di tako v intimnih odnosih kot v \u0161ir\u0161i dru\u017ebi.<\/span><\/p>\n<p>[\/et_pb_text][et_pb_text _builder_version=&#8221;4.27.4&#8243; _module_preset=&#8221;default&#8221; header_2_font=&#8221;Mojca-123-slo|&#8211;et_global_heading_font_weight|||||||&#8221; header_3_font=&#8221;Mojca-123-slo|&#8211;et_global_heading_font_weight|||||||&#8221; global_colors_info=&#8221;{}&#8221;]<\/p>\n<h3 style=\"font-weight: 400;\"><strong>Zaklju\u010dek<\/strong><\/h3>\n<p>[\/et_pb_text][et_pb_text _builder_version=&#8221;4.27.4&#8243; _module_preset=&#8221;default&#8221; custom_margin=&#8221;-14px||||false|false&#8221; global_colors_info=&#8221;{}&#8221;]<\/p>\n<p data-start=\"568\" data-end=\"2565\" style=\"text-align: justify;\">Kaznovanje lahko izrazi obsodbo, ne more pa nositi te\u017ee prepre\u010devanja. Dosmrtna kazen zveni glasno, vendar ne dose\u017ee tistih trenutkov, v katerih se \u017eenska odlo\u010da, ali se po\u010duti dovolj varno, da zapusti nasilnega partnerja, ali ji bo policija verjela, ali jo bodo sodi\u0161\u010da za\u0161\u010ditila, ali ji bo skupnost stala ob strani, ali pa se bo mo\u0161ki, ki jo nadzira, ustavil.<\/p>\n<p data-start=\"2567\" data-end=\"2856\" data-is-last-node=\"\" data-is-only-node=\"\" style=\"text-align: justify;\">Dokler reforme ne bodo naslovile prav teh trenutkov \u2013 oziroma dokler arhitektura prepre\u010devanja ne bo dele\u017ena ve\u010d pozornosti kot arhitektura kaznovanja \u2013 bo italijanski zakon o femicidu ostal to, kar je (in, \u010de smo nekoliko zlobni, morda to, kar naj bi bil?): mo\u010dan simbol in \u0161ibek odgovor.<\/p>\n<p>[\/et_pb_text][\/et_pb_column][\/et_pb_row][\/et_pb_section][et_pb_section fb_built=&#8221;1&#8243; _builder_version=&#8221;4.27.4&#8243; _module_preset=&#8221;default&#8221; locked=&#8221;off&#8221;][et_pb_row _builder_version=&#8221;4.27.4&#8243; _module_preset=&#8221;default&#8221; theme_builder_area=&#8221;post_content&#8221; column_structure=&#8221;1_5,1_5,1_5,1_5,1_5&#8243; hover_enabled=&#8221;0&#8243; sticky_enabled=&#8221;0&#8243;][et_pb_column _builder_version=&#8221;4.27.4&#8243; _module_preset=&#8221;default&#8221; type=&#8221;1_5&#8243; theme_builder_area=&#8221;post_content&#8221;][et_pb_image src=&#8221;https:\/\/inst-krim.si\/sentrix\/wp-content\/uploads\/2025\/08\/Mojca.png&#8221; _builder_version=&#8221;4.27.4&#8243; _module_preset=&#8221;default&#8221; theme_builder_area=&#8221;post_content&#8221; title_text=&#8221;Mojca&#8221; hover_enabled=&#8221;0&#8243; sticky_enabled=&#8221;0&#8243;][\/et_pb_image][\/et_pb_column][et_pb_column _builder_version=&#8221;4.27.4&#8243; _module_preset=&#8221;default&#8221; type=&#8221;1_5&#8243; theme_builder_area=&#8221;post_content&#8221;][et_pb_text _builder_version=&#8221;4.27.4&#8243; _module_preset=&#8221;default&#8221; theme_builder_area=&#8221;post_content&#8221; hover_enabled=&#8221;0&#8243; sticky_enabled=&#8221;0&#8243; custom_padding=&#8221;|1px||||&#8221; custom_margin=&#8221;|-55px|||false|false&#8221;]<\/p>\n<p><strong>Mojca M. Plesni\u010dar<\/strong><\/p>\n<p>avtorica<\/p>\n<p>[\/et_pb_text][\/et_pb_column][et_pb_column _builder_version=&#8221;4.27.4&#8243; _module_preset=&#8221;default&#8221; type=&#8221;1_5&#8243; theme_builder_area=&#8221;post_content&#8221;][\/et_pb_column][et_pb_column _builder_version=&#8221;4.27.4&#8243; _module_preset=&#8221;default&#8221; type=&#8221;1_5&#8243; theme_builder_area=&#8221;post_content&#8221;][\/et_pb_column][et_pb_column _builder_version=&#8221;4.27.4&#8243; _module_preset=&#8221;default&#8221; type=&#8221;1_5&#8243; theme_builder_area=&#8221;post_content&#8221;][\/et_pb_column][\/et_pb_row][\/et_pb_section][et_pb_section fb_built=&#8221;1&#8243; _builder_version=&#8221;4.27.4&#8243; _module_preset=&#8221;default&#8221; locked=&#8221;off&#8221; global_colors_info=&#8221;{}&#8221;][et_pb_row _builder_version=&#8221;4.27.4&#8243; _module_preset=&#8221;default&#8221; global_colors_info=&#8221;{}&#8221;][et_pb_column type=&#8221;4_4&#8243; _builder_version=&#8221;4.27.4&#8243; _module_preset=&#8221;default&#8221; global_colors_info=&#8221;{}&#8221;][et_pb_text _builder_version=&#8221;4.27.4&#8243; _module_preset=&#8221;default&#8221; global_colors_info=&#8221;{}&#8221;]<\/p>\n<h4 data-start=\"204\" data-end=\"511\">Literatura:<\/h4>\n<p data-start=\"204\" data-end=\"511\">Campbell, J. C., Webster, D., Koziol-McLain, J., Block, C. R., Campbell, D., Curry, M. A., \u2026 Wilt, S. A. (2003). Risk factors for femicide in abusive relationships: Results from a multisite case control study. <em data-start=\"414\" data-end=\"453\">American Journal of Public Health, 93<\/em>(7), 1089\u20131097.<br data-start=\"468\" data-end=\"471\" \/><a data-start=\"471\" data-end=\"509\" rel=\"noopener\" target=\"_new\" class=\"decorated-link cursor-pointer\">https:\/\/doi.org\/10.2105\/AJPH.93.7.1089<span aria-hidden=\"true\" class=\"ms-0.5 inline-block align-middle leading-none\"><svg width=\"20\" height=\"20\" viewbox=\"0 0 20 20\" fill=\"currentColor\" xmlns=\"http:\/\/www.w3.org\/2000\/svg\" data-rtl-flip=\"\" class=\"block h-[0.75em] w-[0.75em] stroke-current stroke-[0.75]\"><path d=\"M14.3349 13.3301V6.60645L5.47065 15.4707C5.21095 15.7304 4.78895 15.7304 4.52925 15.4707C4.26955 15.211 4.26955 14.789 4.52925 14.5293L13.3935 5.66504H6.66011C6.29284 5.66504 5.99507 5.36727 5.99507 5C5.99507 4.63273 6.29284 4.33496 6.66011 4.33496H14.9999L15.1337 4.34863C15.4369 4.41057 15.665 4.67857 15.665 5V13.3301C15.6649 13.6973 15.3672 13.9951 14.9999 13.9951C14.6327 13.9951 14.335 13.6973 14.3349 13.3301Z\"><\/path><\/svg><\/span><\/a><\/p>\n<p data-start=\"513\" data-end=\"728\">FarrHenderson, J., Di Marco, M., &amp; Evans, D. P. (2025). Perceptions of social capital before and after the perpetration of femicide. <em data-start=\"646\" data-end=\"681\">Journal of Interpersonal Violence<\/em>.<br data-start=\"682\" data-end=\"685\" \/><a data-start=\"685\" data-end=\"726\" rel=\"noopener\" target=\"_new\" class=\"decorated-link\" href=\"https:\/\/doi.org\/10.1177\/08862605241265918\">https:\/\/doi.org\/10.1177\/08862605241265918<span aria-hidden=\"true\" class=\"ms-0.5 inline-block align-middle leading-none\"><svg width=\"20\" height=\"20\" viewbox=\"0 0 20 20\" fill=\"currentColor\" xmlns=\"http:\/\/www.w3.org\/2000\/svg\" data-rtl-flip=\"\" class=\"block h-[0.75em] w-[0.75em] stroke-current stroke-[0.75]\"><path d=\"M14.3349 13.3301V6.60645L5.47065 15.4707C5.21095 15.7304 4.78895 15.7304 4.52925 15.4707C4.26955 15.211 4.26955 14.789 4.52925 14.5293L13.3935 5.66504H6.66011C6.29284 5.66504 5.99507 5.36727 5.99507 5C5.99507 4.63273 6.29284 4.33496 6.66011 4.33496H14.9999L15.1337 4.34863C15.4369 4.41057 15.665 4.67857 15.665 5V13.3301C15.6649 13.6973 15.3672 13.9951 14.9999 13.9951C14.6327 13.9951 14.335 13.6973 14.3349 13.3301Z\"><\/path><\/svg><\/span><\/a><\/p>\n<p data-start=\"730\" data-end=\"1009\">Garner, J. H., Maxwell, C. D., &amp; Lee, J. (2021). The specific deterrent effects of criminal sanctions for intimate partner violence: A meta-analysis. <em data-start=\"880\" data-end=\"926\">Journal of Criminal Law and Criminology, 111<\/em>(1), 227\u2013274.<br data-start=\"939\" data-end=\"942\" \/><a data-start=\"942\" data-end=\"1007\" rel=\"noopener\" target=\"_new\" class=\"decorated-link\" href=\"https:\/\/scholarlycommons.law.northwestern.edu\/jclc\/vol111\/iss1\/4\/\">https:\/\/scholarlycommons.law.northwestern.edu\/jclc\/vol111\/iss1\/4\/<span aria-hidden=\"true\" class=\"ms-0.5 inline-block align-middle leading-none\"><svg width=\"20\" height=\"20\" viewbox=\"0 0 20 20\" fill=\"currentColor\" xmlns=\"http:\/\/www.w3.org\/2000\/svg\" data-rtl-flip=\"\" class=\"block h-[0.75em] w-[0.75em] stroke-current stroke-[0.75]\"><path d=\"M14.3349 13.3301V6.60645L5.47065 15.4707C5.21095 15.7304 4.78895 15.7304 4.52925 15.4707C4.26955 15.211 4.26955 14.789 4.52925 14.5293L13.3935 5.66504H6.66011C6.29284 5.66504 5.99507 5.36727 5.99507 5C5.99507 4.63273 6.29284 4.33496 6.66011 4.33496H14.9999L15.1337 4.34863C15.4369 4.41057 15.665 4.67857 15.665 5V13.3301C15.6649 13.6973 15.3672 13.9951 14.9999 13.9951C14.6327 13.9951 14.335 13.6973 14.3349 13.3301Z\"><\/path><\/svg><\/span><\/a><\/p>\n<p data-start=\"1011\" data-end=\"1222\">Gracia, E. (2014). Intimate partner violence against women and victim-blaming attitudes among Europeans. <em data-start=\"1116\" data-end=\"1163\">Bulletin of the World Health Organization, 92<\/em>(5), 380\u2013381.<br data-start=\"1176\" data-end=\"1179\" \/><a data-start=\"1179\" data-end=\"1220\" rel=\"noopener\" target=\"_new\" class=\"decorated-link\" href=\"https:\/\/pubmed.ncbi.nlm.nih.gov\/24839328\/\">https:\/\/pubmed.ncbi.nlm.nih.gov\/24839328\/<span aria-hidden=\"true\" class=\"ms-0.5 inline-block align-middle leading-none\"><svg width=\"20\" height=\"20\" viewbox=\"0 0 20 20\" fill=\"currentColor\" xmlns=\"http:\/\/www.w3.org\/2000\/svg\" data-rtl-flip=\"\" class=\"block h-[0.75em] w-[0.75em] stroke-current stroke-[0.75]\"><path d=\"M14.3349 13.3301V6.60645L5.47065 15.4707C5.21095 15.7304 4.78895 15.7304 4.52925 15.4707C4.26955 15.211 4.26955 14.789 4.52925 14.5293L13.3935 5.66504H6.66011C6.29284 5.66504 5.99507 5.36727 5.99507 5C5.99507 4.63273 6.29284 4.33496 6.66011 4.33496H14.9999L15.1337 4.34863C15.4369 4.41057 15.665 4.67857 15.665 5V13.3301C15.6649 13.6973 15.3672 13.9951 14.9999 13.9951C14.6327 13.9951 14.335 13.6973 14.3349 13.3301Z\"><\/path><\/svg><\/span><\/a><\/p>\n<p data-start=\"1224\" data-end=\"1479\">Ivert, A.-K., Gracia, E., Lila, M., &amp; Br\u00e4ndstr\u00f6m, S. (2018). Country of residence, gender equality and victim-blaming attitudes about intimate partner violence. <em data-start=\"1385\" data-end=\"1424\">European Journal of Public Health, 28<\/em>(3), 559\u2013564.<br data-start=\"1437\" data-end=\"1440\" \/><a data-start=\"1440\" data-end=\"1477\" rel=\"noopener\" target=\"_new\" class=\"decorated-link\" href=\"https:\/\/doi.org\/10.1093\/eurpub\/ckx218\">https:\/\/doi.org\/10.1093\/eurpub\/ckx218<span aria-hidden=\"true\" class=\"ms-0.5 inline-block align-middle leading-none\"><svg width=\"20\" height=\"20\" viewbox=\"0 0 20 20\" fill=\"currentColor\" xmlns=\"http:\/\/www.w3.org\/2000\/svg\" data-rtl-flip=\"\" class=\"block h-[0.75em] w-[0.75em] stroke-current stroke-[0.75]\"><path d=\"M14.3349 13.3301V6.60645L5.47065 15.4707C5.21095 15.7304 4.78895 15.7304 4.52925 15.4707C4.26955 15.211 4.26955 14.789 4.52925 14.5293L13.3935 5.66504H6.66011C6.29284 5.66504 5.99507 5.36727 5.99507 5C5.99507 4.63273 6.29284 4.33496 6.66011 4.33496H14.9999L15.1337 4.34863C15.4369 4.41057 15.665 4.67857 15.665 5V13.3301C15.6649 13.6973 15.3672 13.9951 14.9999 13.9951C14.6327 13.9951 14.335 13.6973 14.3349 13.3301Z\"><\/path><\/svg><\/span><\/a><\/p>\n<p data-start=\"1481\" data-end=\"1675\">Johnson, H., Eriksson, L., Mazerolle, L., &amp; Wortley, R. (2019). Intimate femicide: The role of coercive control. <em data-start=\"1594\" data-end=\"1620\">Feminist Criminology, 14<\/em>(1), 3\u201323.<br data-start=\"1630\" data-end=\"1633\" \/><a data-start=\"1633\" data-end=\"1673\" rel=\"noopener\" target=\"_new\" class=\"decorated-link\" href=\"https:\/\/doi.org\/10.1177\/1557085117701574\">https:\/\/doi.org\/10.1177\/1557085117701574<span aria-hidden=\"true\" class=\"ms-0.5 inline-block align-middle leading-none\"><svg width=\"20\" height=\"20\" viewbox=\"0 0 20 20\" fill=\"currentColor\" xmlns=\"http:\/\/www.w3.org\/2000\/svg\" data-rtl-flip=\"\" class=\"block h-[0.75em] w-[0.75em] stroke-current stroke-[0.75]\"><path d=\"M14.3349 13.3301V6.60645L5.47065 15.4707C5.21095 15.7304 4.78895 15.7304 4.52925 15.4707C4.26955 15.211 4.26955 14.789 4.52925 14.5293L13.3935 5.66504H6.66011C6.29284 5.66504 5.99507 5.36727 5.99507 5C5.99507 4.63273 6.29284 4.33496 6.66011 4.33496H14.9999L15.1337 4.34863C15.4369 4.41057 15.665 4.67857 15.665 5V13.3301C15.6649 13.6973 15.3672 13.9951 14.9999 13.9951C14.6327 13.9951 14.335 13.6973 14.3349 13.3301Z\"><\/path><\/svg><\/span><\/a><\/p>\n<p data-start=\"1677\" data-end=\"1896\">Monckton Smith, J. (2020). Intimate partner femicide: Using Foucauldian analysis to track an eight-stage progression to homicide. <em data-start=\"1807\" data-end=\"1835\">Violence Against Women, 26<\/em>(11), 1267\u20131285.<br data-start=\"1851\" data-end=\"1854\" \/><a data-start=\"1854\" data-end=\"1894\" rel=\"noopener\" target=\"_new\" class=\"decorated-link\" href=\"https:\/\/doi.org\/10.1177\/1077801219863876\">https:\/\/doi.org\/10.1177\/1077801219863876<span aria-hidden=\"true\" class=\"ms-0.5 inline-block align-middle leading-none\"><svg width=\"20\" height=\"20\" viewbox=\"0 0 20 20\" fill=\"currentColor\" xmlns=\"http:\/\/www.w3.org\/2000\/svg\" data-rtl-flip=\"\" class=\"block h-[0.75em] w-[0.75em] stroke-current stroke-[0.75]\"><path d=\"M14.3349 13.3301V6.60645L5.47065 15.4707C5.21095 15.7304 4.78895 15.7304 4.52925 15.4707C4.26955 15.211 4.26955 14.789 4.52925 14.5293L13.3935 5.66504H6.66011C6.29284 5.66504 5.99507 5.36727 5.99507 5C5.99507 4.63273 6.29284 4.33496 6.66011 4.33496H14.9999L15.1337 4.34863C15.4369 4.41057 15.665 4.67857 15.665 5V13.3301C15.6649 13.6973 15.3672 13.9951 14.9999 13.9951C14.6327 13.9951 14.335 13.6973 14.3349 13.3301Z\"><\/path><\/svg><\/span><\/a><\/p>\n<p data-start=\"1898\" data-end=\"2030\">Nagin, D. S. (2013). Deterrence in the twenty-first century. <em data-start=\"1959\" data-end=\"1982\">Crime and Justice, 42<\/em>(1), 199\u2013263.<br data-start=\"1995\" data-end=\"1998\" \/><a data-start=\"1998\" data-end=\"2028\" rel=\"noopener\" target=\"_new\" class=\"decorated-link\" href=\"https:\/\/doi.org\/10.1086\/670398\">https:\/\/doi.org\/10.1086\/670398<span aria-hidden=\"true\" class=\"ms-0.5 inline-block align-middle leading-none\"><svg width=\"20\" height=\"20\" viewbox=\"0 0 20 20\" fill=\"currentColor\" xmlns=\"http:\/\/www.w3.org\/2000\/svg\" data-rtl-flip=\"\" class=\"block h-[0.75em] w-[0.75em] stroke-current stroke-[0.75]\"><path d=\"M14.3349 13.3301V6.60645L5.47065 15.4707C5.21095 15.7304 4.78895 15.7304 4.52925 15.4707C4.26955 15.211 4.26955 14.789 4.52925 14.5293L13.3935 5.66504H6.66011C6.29284 5.66504 5.99507 5.36727 5.99507 5C5.99507 4.63273 6.29284 4.33496 6.66011 4.33496H14.9999L15.1337 4.34863C15.4369 4.41057 15.665 4.67857 15.665 5V13.3301C15.6649 13.6973 15.3672 13.9951 14.9999 13.9951C14.6327 13.9951 14.335 13.6973 14.3349 13.3301Z\"><\/path><\/svg><\/span><\/a><\/p>\n<p data-start=\"2032\" data-end=\"2286\">Sardinha, L., &amp; Catal\u00e1n, H. (2018). Attitudes towards domestic violence in 49 low- and middle-income countries: A gendered analysis of prevalence and country-level correlates. <em data-start=\"2208\" data-end=\"2222\">PLoS ONE, 13<\/em>(10), e0206101.<br data-start=\"2237\" data-end=\"2240\" \/><a data-start=\"2240\" data-end=\"2284\" rel=\"noopener\" target=\"_new\" class=\"decorated-link\" href=\"https:\/\/doi.org\/10.1371\/journal.pone.0206101\">https:\/\/doi.org\/10.1371\/journal.pone.0206101<\/a><\/p>\n<p>[\/et_pb_text][\/et_pb_column][\/et_pb_row][\/et_pb_section]<\/p>\n","protected":false},"excerpt":{"rendered":"<p>Nov prekr\u0161ek, star politi\u010dni refleks Italija je sprejela reformo, ki femicid preoblikuje v samostojno kaznivo dejanje v kazenskem zakoniku, pri \u010demer je kot najvi\u0161ja kazen predviden dosmrtni zapor. Na papirju deluje kot odlo\u010den odziv na dru\u017ebeno krizo. V resnici pa v tem prepoznavam star politi\u010dni refleks: ko se zakonodajalci soo\u010dijo z globoko zakoreninjenim dru\u017ebenim problemom, [&hellip;]<\/p>\n","protected":false},"author":1,"featured_media":240312,"comment_status":"open","ping_status":"open","sticky":false,"template":"","format":"standard","meta":{"_et_pb_use_builder":"on","_et_pb_old_content":"","_et_gb_content_width":"","footnotes":""},"categories":[38,142],"tags":[],"class_list":["post-240477","post","type-post","status-publish","format-standard","has-post-thumbnail","hentry","category-novice","category-refleksije"],"_links":{"self":[{"href":"https:\/\/inst-krim.si\/sentrix\/wp-json\/wp\/v2\/posts\/240477","targetHints":{"allow":["GET"]}}],"collection":[{"href":"https:\/\/inst-krim.si\/sentrix\/wp-json\/wp\/v2\/posts"}],"about":[{"href":"https:\/\/inst-krim.si\/sentrix\/wp-json\/wp\/v2\/types\/post"}],"author":[{"embeddable":true,"href":"https:\/\/inst-krim.si\/sentrix\/wp-json\/wp\/v2\/users\/1"}],"replies":[{"embeddable":true,"href":"https:\/\/inst-krim.si\/sentrix\/wp-json\/wp\/v2\/comments?post=240477"}],"version-history":[{"count":1,"href":"https:\/\/inst-krim.si\/sentrix\/wp-json\/wp\/v2\/posts\/240477\/revisions"}],"predecessor-version":[{"id":240723,"href":"https:\/\/inst-krim.si\/sentrix\/wp-json\/wp\/v2\/posts\/240477\/revisions\/240723"}],"wp:featuredmedia":[{"embeddable":true,"href":"https:\/\/inst-krim.si\/sentrix\/wp-json\/wp\/v2\/media\/240312"}],"wp:attachment":[{"href":"https:\/\/inst-krim.si\/sentrix\/wp-json\/wp\/v2\/media?parent=240477"}],"wp:term":[{"taxonomy":"category","embeddable":true,"href":"https:\/\/inst-krim.si\/sentrix\/wp-json\/wp\/v2\/categories?post=240477"},{"taxonomy":"post_tag","embeddable":true,"href":"https:\/\/inst-krim.si\/sentrix\/wp-json\/wp\/v2\/tags?post=240477"}],"curies":[{"name":"wp","href":"https:\/\/api.w.org\/{rel}","templated":true}]}}